{"id":2072,"date":"2022-01-28T09:17:21","date_gmt":"2022-01-28T08:17:21","guid":{"rendered":"https:\/\/agora.xtec.cat\/escola-torreforta\/?p=2072"},"modified":"2022-02-14T12:54:24","modified_gmt":"2022-02-14T11:54:24","slug":"dia-escolar-de-la-no-violencia-i-la-pau-2022","status":"publish","type":"post","link":"https:\/\/agora.xtec.cat\/escola-torreforta\/general\/dia-escolar-de-la-no-violencia-i-la-pau-2022\/","title":{"rendered":"Dia Escolar de la No viol\u00e8ncia i la Pau 2022"},"content":{"rendered":"<p><iframe loading=\"lazy\" title=\"Dia Escolar de la No viol\u00e8ncia i la Pau 2022 - Escola Torreforta\" width=\"500\" height=\"281\" src=\"https:\/\/www.youtube.com\/embed\/fMfa6w1hiTY?feature=oembed\" frameborder=\"0\" allow=\"accelerometer; autoplay; clipboard-write; encrypted-media; gyroscope; picture-in-picture; web-share\" referrerpolicy=\"strict-origin-when-cross-origin\" allowfullscreen><\/iframe><\/p>\n<p style=\"text-align: center;\">No hi ha cam\u00ed per la Pau, la pau \u00e9s el cam\u00ed.<\/p>\n<p style=\"text-align: center;\">Mahatma Ghandi<\/p>\n","protected":false},"excerpt":{"rendered":"<p>No hi ha cam\u00ed per la Pau, la pau \u00e9s el cam\u00ed.<br \/>\nMahatma Ghandi<\/p>\n","protected":false},"author":7,"featured_media":0,"comment_status":"open","ping_status":"closed","sticky":false,"template":"","format":"standard","meta":{"_bbp_topic_count":0,"_bbp_reply_count":0,"_bbp_total_topic_count":0,"_bbp_total_reply_count":0,"_bbp_voice_count":0,"_bbp_anonymous_reply_count":0,"_bbp_topic_count_hidden":0,"_bbp_reply_count_hidden":0,"_bbp_forum_subforum_count":0,"footnotes":""},"categories":[1],"tags":[253,165,254,255],"class_list":["post-2072","post","type-post","status-publish","format-standard","hentry","category-general","tag-denip","tag-escola-torreforta","tag-mahatmaghandi","tag-pau"],"post_mailing_queue_ids":[],"_links":{"self":[{"href":"https:\/\/agora.xtec.cat\/escola-torreforta\/wp-json\/wp\/v2\/posts\/2072","targetHints":{"allow":["GET"]}}],"collection":[{"href":"https:\/\/agora.xtec.cat\/escola-torreforta\/wp-json\/wp\/v2\/posts"}],"about":[{"href":"https:\/\/agora.xtec.cat\/escola-torreforta\/wp-json\/wp\/v2\/types\/post"}],"author":[{"embeddable":true,"href":"https:\/\/agora.xtec.cat\/escola-torreforta\/wp-json\/wp\/v2\/users\/7"}],"replies":[{"embeddable":true,"href":"https:\/\/agora.xtec.cat\/escola-torreforta\/wp-json\/wp\/v2\/comments?post=2072"}],"version-history":[{"count":2,"href":"https:\/\/agora.xtec.cat\/escola-torreforta\/wp-json\/wp\/v2\/posts\/2072\/revisions"}],"predecessor-version":[{"id":2074,"href":"https:\/\/agora.xtec.cat\/escola-torreforta\/wp-json\/wp\/v2\/posts\/2072\/revisions\/2074"}],"wp:attachment":[{"href":"https:\/\/agora.xtec.cat\/escola-torreforta\/wp-json\/wp\/v2\/media?parent=2072"}],"wp:term":[{"taxonomy":"category","embeddable":true,"href":"https:\/\/agora.xtec.cat\/escola-torreforta\/wp-json\/wp\/v2\/categories?post=2072"},{"taxonomy":"post_tag","embeddable":true,"href":"https:\/\/agora.xtec.cat\/escola-torreforta\/wp-json\/wp\/v2\/tags?post=2072"}],"curies":[{"name":"wp","href":"https:\/\/api.w.org\/{rel}","templated":true}]}}