{"id":2023,"date":"2021-12-16T07:50:45","date_gmt":"2021-12-16T06:50:45","guid":{"rendered":"https:\/\/agora.xtec.cat\/escola-torreforta\/?p=2023"},"modified":"2021-12-16T18:14:23","modified_gmt":"2021-12-16T17:14:23","slug":"concert-de-nadales-a-torreforta","status":"publish","type":"post","link":"https:\/\/agora.xtec.cat\/escola-torreforta\/general\/concert-de-nadales-a-torreforta\/","title":{"rendered":"CONCERT DE NADALES A TORREFORTA"},"content":{"rendered":"<p><a href=\"https:\/\/agora.xtec.cat\/escola-torreforta\/wp-content\/uploads\/usu181\/2021\/12\/CONCERT-NADALES-2021_page-0001-scaled.jpg\"><img loading=\"lazy\" decoding=\"async\" class=\"alignnone size-large wp-image-2024\" src=\"https:\/\/agora.xtec.cat\/escola-torreforta\/wp-content\/uploads\/usu181\/2021\/12\/CONCERT-NADALES-2021_page-0001-724x1024.jpg\" alt=\"\" width=\"724\" height=\"1024\" srcset=\"https:\/\/agora.xtec.cat\/escola-torreforta\/wp-content\/uploads\/usu181\/2021\/12\/CONCERT-NADALES-2021_page-0001-724x1024.jpg 724w, https:\/\/agora.xtec.cat\/escola-torreforta\/wp-content\/uploads\/usu181\/2021\/12\/CONCERT-NADALES-2021_page-0001-212x300.jpg 212w, https:\/\/agora.xtec.cat\/escola-torreforta\/wp-content\/uploads\/usu181\/2021\/12\/CONCERT-NADALES-2021_page-0001-768x1086.jpg 768w, https:\/\/agora.xtec.cat\/escola-torreforta\/wp-content\/uploads\/usu181\/2021\/12\/CONCERT-NADALES-2021_page-0001-1086x1536.jpg 1086w, https:\/\/agora.xtec.cat\/escola-torreforta\/wp-content\/uploads\/usu181\/2021\/12\/CONCERT-NADALES-2021_page-0001-1448x2048.jpg 1448w, https:\/\/agora.xtec.cat\/escola-torreforta\/wp-content\/uploads\/usu181\/2021\/12\/CONCERT-NADALES-2021_page-0001-scaled.jpg 1810w\" sizes=\"auto, (max-width: 724px) 100vw, 724px\" \/><\/a><\/p>\n<p>Atenci\u00f3 fam\u00edlies de 3r de prim\u00e0ria! Aquest divendres l&#8217;alumnat de tercer actuar\u00e0 a la pla\u00e7a del Tarragon\u00e8s, davant del centre C\u00edvic de Torreforta, entre les 10.30h i les 12.00h. Us animem a venir a veure&#8217;ls! Recordeu que cal respectar les normes COVID i us recomanem l&#8217;\u00fas de la mascareta i el manteniment de la dist\u00e0ncia f\u00edsica interpersonal.<\/p>\n","protected":false},"excerpt":{"rendered":"<p><a href=\"https:\/\/agora.xtec.cat\/escola-torreforta\/wp-content\/uploads\/usu181\/2021\/12\/CONCERT-NADALES-2021_page-0001-scaled.jpg\"><\/a><br \/>\nAtenci\u00f3 fam\u00edlies de 3r de prim\u00e0ria! Aquest divendres l&#8217;alumnat de tercer actuar\u00e0 a la pla\u00e7a del Tarragon\u00e8s, davant del centre C\u00edvic de Torreforta, entre les 10.30h i les 12.00h. Us animem a venir a veure&#8217;ls! Recordeu que cal respectar les normes COVID i us&hellip;  <a href=\"https:\/\/agora.xtec.cat\/escola-torreforta\/general\/concert-de-nadales-a-torreforta\/\" title=\"Read CONCERT DE NADALES A TORREFORTA\">Llegeix m\u00e9s\u00bb<\/a><\/p>\n","protected":false},"author":7,"featured_media":0,"comment_status":"open","ping_status":"closed","sticky":false,"template":"","format":"standard","meta":{"_bbp_topic_count":0,"_bbp_reply_count":0,"_bbp_total_topic_count":0,"_bbp_total_reply_count":0,"_bbp_voice_count":0,"_bbp_anonymous_reply_count":0,"_bbp_topic_count_hidden":0,"_bbp_reply_count_hidden":0,"_bbp_forum_subforum_count":0,"footnotes":""},"categories":[1,4],"tags":[235,245,243,244,214],"class_list":["post-2023","post","type-post","status-publish","format-standard","hentry","category-general","category-portada","tag-centrecivic","tag-nadal-2021","tag-nadales","tag-placadeltarragones","tag-torreforta"],"post_mailing_queue_ids":[],"_links":{"self":[{"href":"https:\/\/agora.xtec.cat\/escola-torreforta\/wp-json\/wp\/v2\/posts\/2023","targetHints":{"allow":["GET"]}}],"collection":[{"href":"https:\/\/agora.xtec.cat\/escola-torreforta\/wp-json\/wp\/v2\/posts"}],"about":[{"href":"https:\/\/agora.xtec.cat\/escola-torreforta\/wp-json\/wp\/v2\/types\/post"}],"author":[{"embeddable":true,"href":"https:\/\/agora.xtec.cat\/escola-torreforta\/wp-json\/wp\/v2\/users\/7"}],"replies":[{"embeddable":true,"href":"https:\/\/agora.xtec.cat\/escola-torreforta\/wp-json\/wp\/v2\/comments?post=2023"}],"version-history":[{"count":2,"href":"https:\/\/agora.xtec.cat\/escola-torreforta\/wp-json\/wp\/v2\/posts\/2023\/revisions"}],"predecessor-version":[{"id":2026,"href":"https:\/\/agora.xtec.cat\/escola-torreforta\/wp-json\/wp\/v2\/posts\/2023\/revisions\/2026"}],"wp:attachment":[{"href":"https:\/\/agora.xtec.cat\/escola-torreforta\/wp-json\/wp\/v2\/media?parent=2023"}],"wp:term":[{"taxonomy":"category","embeddable":true,"href":"https:\/\/agora.xtec.cat\/escola-torreforta\/wp-json\/wp\/v2\/categories?post=2023"},{"taxonomy":"post_tag","embeddable":true,"href":"https:\/\/agora.xtec.cat\/escola-torreforta\/wp-json\/wp\/v2\/tags?post=2023"}],"curies":[{"name":"wp","href":"https:\/\/api.w.org\/{rel}","templated":true}]}}