{"id":1982,"date":"2021-11-12T13:11:52","date_gmt":"2021-11-12T12:11:52","guid":{"rendered":"https:\/\/agora.xtec.cat\/escola-torreforta\/?p=1982"},"modified":"2021-11-15T13:01:51","modified_gmt":"2021-11-15T12:01:51","slug":"sortida-familiar-al-centre-civic","status":"publish","type":"post","link":"https:\/\/agora.xtec.cat\/escola-torreforta\/general\/sortida-familiar-al-centre-civic\/","title":{"rendered":"SORTIDA FAMILIAR AL CENTRE C\u00cdVIC"},"content":{"rendered":"<p><a href=\"https:\/\/agora.xtec.cat\/escola-torreforta\/wp-content\/uploads\/usu181\/2021\/11\/CENTRECIVIC.jpeg\"><img loading=\"lazy\" decoding=\"async\" class=\"size-large wp-image-1983 aligncenter\" src=\"https:\/\/agora.xtec.cat\/escola-torreforta\/wp-content\/uploads\/usu181\/2021\/11\/CENTRECIVIC-1024x1024.jpeg\" alt=\"\" width=\"1024\" height=\"1024\" srcset=\"https:\/\/agora.xtec.cat\/escola-torreforta\/wp-content\/uploads\/usu181\/2021\/11\/CENTRECIVIC-1024x1024.jpeg 1024w, https:\/\/agora.xtec.cat\/escola-torreforta\/wp-content\/uploads\/usu181\/2021\/11\/CENTRECIVIC-300x300.jpeg 300w, https:\/\/agora.xtec.cat\/escola-torreforta\/wp-content\/uploads\/usu181\/2021\/11\/CENTRECIVIC-150x150.jpeg 150w, https:\/\/agora.xtec.cat\/escola-torreforta\/wp-content\/uploads\/usu181\/2021\/11\/CENTRECIVIC-768x768.jpeg 768w, https:\/\/agora.xtec.cat\/escola-torreforta\/wp-content\/uploads\/usu181\/2021\/11\/CENTRECIVIC-1536x1536.jpeg 1536w, https:\/\/agora.xtec.cat\/escola-torreforta\/wp-content\/uploads\/usu181\/2021\/11\/CENTRECIVIC.jpeg 1600w\" sizes=\"auto, (max-width: 1024px) 100vw, 1024px\" \/><\/a><\/p>\n<p>Aqu\u00ed us presentem un recull de fotografies de la sortida familiar al Centre C\u00edvic\u2757<\/p>\n<p>Les fam\u00edlies que van inscriure&#8217;s, van visitar les depend\u00e8ncies del\u00a0 Centre C\u00edvic del barri on els hi van explicar les activitats que ofereixen i van poder con\u00e8ixer la @bibliodetorreforta i la recent creada ludoteca.<\/p>\n<p>\ud83d\udc49A m\u00e9s, les fam\u00edlies van tenir l&#8217;oportunitat de poder fer-se el carnet de la biblioteca all\u00e0 mateix.\ud83d\udc48<\/p>\n<p>Moltes gr\u00e0cies @centrescivicstgn @bibliodetorreforta per l&#8217;experi\u00e8ncia!<\/p>\n","protected":false},"excerpt":{"rendered":"<p><a href=\"https:\/\/agora.xtec.cat\/escola-torreforta\/wp-content\/uploads\/usu181\/2021\/11\/CENTRECIVIC.jpeg\"><\/a><br \/>\nAqu\u00ed us presentem un recull de fotografies de la sortida familiar al Centre C\u00edvic\u2757<br \/>\nLes fam\u00edlies que van inscriure&#8217;s, van visitar les depend\u00e8ncies del\u00a0 Centre C\u00edvic del barri on els hi van explicar les activitats que ofereixen i van poder con\u00e8ixer la @bibliodetorreforta i la&hellip;  <a href=\"https:\/\/agora.xtec.cat\/escola-torreforta\/general\/sortida-familiar-al-centre-civic\/\" title=\"Read SORTIDA FAMILIAR AL CENTRE C\u00cdVIC\">Llegeix m\u00e9s\u00bb<\/a><\/p>\n","protected":false},"author":7,"featured_media":0,"comment_status":"open","ping_status":"closed","sticky":false,"template":"","format":"standard","meta":{"_bbp_topic_count":0,"_bbp_reply_count":0,"_bbp_total_topic_count":0,"_bbp_total_reply_count":0,"_bbp_voice_count":0,"_bbp_anonymous_reply_count":0,"_bbp_topic_count_hidden":0,"_bbp_reply_count_hidden":0,"_bbp_forum_subforum_count":0,"footnotes":""},"categories":[1,4],"tags":[238,196,239],"class_list":["post-1982","post","type-post","status-publish","format-standard","hentry","category-general","category-portada","tag-centre-civic","tag-curs-21-22","tag-sortida-familiar"],"post_mailing_queue_ids":[],"_links":{"self":[{"href":"https:\/\/agora.xtec.cat\/escola-torreforta\/wp-json\/wp\/v2\/posts\/1982","targetHints":{"allow":["GET"]}}],"collection":[{"href":"https:\/\/agora.xtec.cat\/escola-torreforta\/wp-json\/wp\/v2\/posts"}],"about":[{"href":"https:\/\/agora.xtec.cat\/escola-torreforta\/wp-json\/wp\/v2\/types\/post"}],"author":[{"embeddable":true,"href":"https:\/\/agora.xtec.cat\/escola-torreforta\/wp-json\/wp\/v2\/users\/7"}],"replies":[{"embeddable":true,"href":"https:\/\/agora.xtec.cat\/escola-torreforta\/wp-json\/wp\/v2\/comments?post=1982"}],"version-history":[{"count":2,"href":"https:\/\/agora.xtec.cat\/escola-torreforta\/wp-json\/wp\/v2\/posts\/1982\/revisions"}],"predecessor-version":[{"id":1992,"href":"https:\/\/agora.xtec.cat\/escola-torreforta\/wp-json\/wp\/v2\/posts\/1982\/revisions\/1992"}],"wp:attachment":[{"href":"https:\/\/agora.xtec.cat\/escola-torreforta\/wp-json\/wp\/v2\/media?parent=1982"}],"wp:term":[{"taxonomy":"category","embeddable":true,"href":"https:\/\/agora.xtec.cat\/escola-torreforta\/wp-json\/wp\/v2\/categories?post=1982"},{"taxonomy":"post_tag","embeddable":true,"href":"https:\/\/agora.xtec.cat\/escola-torreforta\/wp-json\/wp\/v2\/tags?post=1982"}],"curies":[{"name":"wp","href":"https:\/\/api.w.org\/{rel}","templated":true}]}}