{"id":1915,"date":"2021-09-22T16:52:21","date_gmt":"2021-09-22T14:52:21","guid":{"rendered":"https:\/\/agora.xtec.cat\/escola-torreforta\/?p=1915"},"modified":"2021-09-22T16:52:21","modified_gmt":"2021-09-22T14:52:21","slug":"reunio-families-6e","status":"publish","type":"post","link":"https:\/\/agora.xtec.cat\/escola-torreforta\/portada\/reunio-families-6e\/","title":{"rendered":"REUNI\u00d3 FAM\u00cdLIES 6\u00e8"},"content":{"rendered":"<p><a href=\"https:\/\/agora.xtec.cat\/escola-torreforta\/wp-content\/uploads\/usu181\/2021\/09\/web.png\"><img loading=\"lazy\" decoding=\"async\" class=\"size-medium wp-image-1917 aligncenter\" src=\"https:\/\/agora.xtec.cat\/escola-torreforta\/wp-content\/uploads\/usu181\/2021\/09\/web-211x300.png\" alt=\"\" width=\"211\" height=\"300\" srcset=\"https:\/\/agora.xtec.cat\/escola-torreforta\/wp-content\/uploads\/usu181\/2021\/09\/web-211x300.png 211w, https:\/\/agora.xtec.cat\/escola-torreforta\/wp-content\/uploads\/usu181\/2021\/09\/web.png 366w\" sizes=\"auto, (max-width: 211px) 100vw, 211px\" \/><\/a><\/p>\n","protected":false},"excerpt":{"rendered":"<p><a href=\"https:\/\/agora.xtec.cat\/escola-torreforta\/wp-content\/uploads\/usu181\/2021\/09\/web.png\"><\/a><\/p>\n","protected":false},"author":5,"featured_media":0,"comment_status":"open","ping_status":"closed","sticky":false,"template":"","format":"standard","meta":{"_bbp_topic_count":0,"_bbp_reply_count":0,"_bbp_total_topic_count":0,"_bbp_total_reply_count":0,"_bbp_voice_count":0,"_bbp_anonymous_reply_count":0,"_bbp_topic_count_hidden":0,"_bbp_reply_count_hidden":0,"_bbp_forum_subforum_count":0,"footnotes":""},"categories":[4],"tags":[224,196,145,146],"class_list":["post-1915","post","type-post","status-publish","format-standard","hentry","category-portada","tag-6e","tag-curs-21-22","tag-reunio-families","tag-reunio-telematica"],"post_mailing_queue_ids":[],"_links":{"self":[{"href":"https:\/\/agora.xtec.cat\/escola-torreforta\/wp-json\/wp\/v2\/posts\/1915","targetHints":{"allow":["GET"]}}],"collection":[{"href":"https:\/\/agora.xtec.cat\/escola-torreforta\/wp-json\/wp\/v2\/posts"}],"about":[{"href":"https:\/\/agora.xtec.cat\/escola-torreforta\/wp-json\/wp\/v2\/types\/post"}],"author":[{"embeddable":true,"href":"https:\/\/agora.xtec.cat\/escola-torreforta\/wp-json\/wp\/v2\/users\/5"}],"replies":[{"embeddable":true,"href":"https:\/\/agora.xtec.cat\/escola-torreforta\/wp-json\/wp\/v2\/comments?post=1915"}],"version-history":[{"count":1,"href":"https:\/\/agora.xtec.cat\/escola-torreforta\/wp-json\/wp\/v2\/posts\/1915\/revisions"}],"predecessor-version":[{"id":1918,"href":"https:\/\/agora.xtec.cat\/escola-torreforta\/wp-json\/wp\/v2\/posts\/1915\/revisions\/1918"}],"wp:attachment":[{"href":"https:\/\/agora.xtec.cat\/escola-torreforta\/wp-json\/wp\/v2\/media?parent=1915"}],"wp:term":[{"taxonomy":"category","embeddable":true,"href":"https:\/\/agora.xtec.cat\/escola-torreforta\/wp-json\/wp\/v2\/categories?post=1915"},{"taxonomy":"post_tag","embeddable":true,"href":"https:\/\/agora.xtec.cat\/escola-torreforta\/wp-json\/wp\/v2\/tags?post=1915"}],"curies":[{"name":"wp","href":"https:\/\/api.w.org\/{rel}","templated":true}]}}