{"id":1894,"date":"2021-06-23T17:15:31","date_gmt":"2021-06-23T15:15:31","guid":{"rendered":"https:\/\/agora.xtec.cat\/escola-torreforta\/?p=1894"},"modified":"2021-06-23T17:15:31","modified_gmt":"2021-06-23T15:15:31","slug":"sortides-de-final-de-curs-educacio-infantil","status":"publish","type":"post","link":"https:\/\/agora.xtec.cat\/escola-torreforta\/portada\/sortides-de-final-de-curs-educacio-infantil\/","title":{"rendered":"SORTIDES DE FINAL DE CURS &#8211; EDUCACI\u00d3 INFANTIL"},"content":{"rendered":"<p><iframe loading=\"lazy\" title=\"Sortides 20-21_Educaci\u00f3 Infantil\" width=\"500\" height=\"375\" src=\"https:\/\/www.youtube.com\/embed\/0icn1jB5eK8?feature=oembed\" frameborder=\"0\" allow=\"accelerometer; autoplay; clipboard-write; encrypted-media; gyroscope; picture-in-picture; web-share\" referrerpolicy=\"strict-origin-when-cross-origin\" allowfullscreen><\/iframe><\/p>\n<p>Els alumnes d&#8217;educaci\u00f3 infantil hem visitat el circ de les musaranyes. Tots plegats hem gaudit fent equilibris, malabars, aeris&#8230;Ha estat molt divertit!!!!!<\/p>\n<p>Entre tots hem superat un curs que no ha estat gens f\u00e0cil. Gr\u00e0cies a totes les fam\u00edlies i als nostres alumnes.<br \/>\nL &#8216;Equip de mestres d&#8217;educaci\u00f3 infantil us desitgem un estiu ple d&#8217;emoci\u00f3, alegria i diversi\u00f3.<br \/>\nEns veiem al setembre!!!!<\/p>\n","protected":false},"excerpt":{"rendered":"<p>Els alumnes d&#8217;educaci\u00f3 infantil hem visitat el circ de les musaranyes. Tots plegats hem gaudit fent equilibris, malabars, aeris&#8230;Ha estat molt divertit!!!!!<br \/>\nEntre tots hem superat un curs que no ha estat gens f\u00e0cil. Gr\u00e0cies a totes les fam\u00edlies i als nostres alumnes.<br \/>\nL &#8216;Equip de mestres&hellip;  <a href=\"https:\/\/agora.xtec.cat\/escola-torreforta\/portada\/sortides-de-final-de-curs-educacio-infantil\/\" title=\"Read SORTIDES DE FINAL DE CURS &#8211; EDUCACI\u00d3 INFANTIL\">Llegeix m\u00e9s\u00bb<\/a><\/p>\n","protected":false},"author":5,"featured_media":1895,"comment_status":"open","ping_status":"closed","sticky":false,"template":"","format":"standard","meta":{"_bbp_topic_count":0,"_bbp_reply_count":0,"_bbp_total_topic_count":0,"_bbp_total_reply_count":0,"_bbp_voice_count":0,"_bbp_anonymous_reply_count":0,"_bbp_topic_count_hidden":0,"_bbp_reply_count_hidden":0,"_bbp_forum_subforum_count":0,"footnotes":""},"categories":[4],"tags":[78,222,16],"class_list":["post-1894","post","type-post","status-publish","format-standard","has-post-thumbnail","hentry","category-portada","tag-educacio-infantil","tag-sortida-final-de-curs","tag-sortides"],"post_mailing_queue_ids":[],"_links":{"self":[{"href":"https:\/\/agora.xtec.cat\/escola-torreforta\/wp-json\/wp\/v2\/posts\/1894","targetHints":{"allow":["GET"]}}],"collection":[{"href":"https:\/\/agora.xtec.cat\/escola-torreforta\/wp-json\/wp\/v2\/posts"}],"about":[{"href":"https:\/\/agora.xtec.cat\/escola-torreforta\/wp-json\/wp\/v2\/types\/post"}],"author":[{"embeddable":true,"href":"https:\/\/agora.xtec.cat\/escola-torreforta\/wp-json\/wp\/v2\/users\/5"}],"replies":[{"embeddable":true,"href":"https:\/\/agora.xtec.cat\/escola-torreforta\/wp-json\/wp\/v2\/comments?post=1894"}],"version-history":[{"count":1,"href":"https:\/\/agora.xtec.cat\/escola-torreforta\/wp-json\/wp\/v2\/posts\/1894\/revisions"}],"predecessor-version":[{"id":1896,"href":"https:\/\/agora.xtec.cat\/escola-torreforta\/wp-json\/wp\/v2\/posts\/1894\/revisions\/1896"}],"wp:featuredmedia":[{"embeddable":true,"href":"https:\/\/agora.xtec.cat\/escola-torreforta\/wp-json\/wp\/v2\/media\/1895"}],"wp:attachment":[{"href":"https:\/\/agora.xtec.cat\/escola-torreforta\/wp-json\/wp\/v2\/media?parent=1894"}],"wp:term":[{"taxonomy":"category","embeddable":true,"href":"https:\/\/agora.xtec.cat\/escola-torreforta\/wp-json\/wp\/v2\/categories?post=1894"},{"taxonomy":"post_tag","embeddable":true,"href":"https:\/\/agora.xtec.cat\/escola-torreforta\/wp-json\/wp\/v2\/tags?post=1894"}],"curies":[{"name":"wp","href":"https:\/\/api.w.org\/{rel}","templated":true}]}}