{"id":1891,"date":"2021-06-23T17:12:47","date_gmt":"2021-06-23T15:12:47","guid":{"rendered":"https:\/\/agora.xtec.cat\/escola-torreforta\/?p=1891"},"modified":"2021-06-23T17:27:10","modified_gmt":"2021-06-23T15:27:10","slug":"sortides-de-final-de-curs-cicle-mitja","status":"publish","type":"post","link":"https:\/\/agora.xtec.cat\/escola-torreforta\/portada\/sortides-de-final-de-curs-cicle-mitja\/","title":{"rendered":"SORTIDES DE FINAL DE CURS &#8211; CICLE MITJ\u00c0"},"content":{"rendered":"<p><iframe loading=\"lazy\" title=\"Sortides 20-21_Cicle Mitj\u00e0\" width=\"500\" height=\"281\" src=\"https:\/\/www.youtube.com\/embed\/8AWsHFJ8CJ4?feature=oembed\" frameborder=\"0\" allow=\"accelerometer; autoplay; clipboard-write; encrypted-media; gyroscope; picture-in-picture; web-share\" referrerpolicy=\"strict-origin-when-cross-origin\" allowfullscreen><\/iframe><\/p>\n<p><span style=\"font-weight: 400;\">El passat mes de maig el cicle mitj\u00e0 va gaudir d\u2019una visita molt interessant al Parc Sam\u00e0 situat entre Cambrils i Montbri\u00f3. Un parc idil\u00b7l\u00edc que servia de residencia de descans pel marqu\u00e8s Salvador Sam\u00e0, que va omplir de racons rom\u00e0ntics, cl\u00e0ssics i m\u00e0gics i on, en el seu moment, va haver fins i tot un zoo privat en miniatura. Els nens i nenes van poder donar de menjar a daines, observar els ocells ex\u00f2tics, fer jocs did\u00e0ctics, passejar per la natura i gaudir de la flora i la fauna all\u00e0 presents.<\/span><\/p>\n<p>Despr\u00e9s d&#8217;un curs at\u00edpic i marcat per les mesures de control del COVID19, on alumnes, fam\u00edlies i mestres hem donat el millor de nosaltres mateixos per tirar endavant, us desitgem un bon estiu i unes bones vacances! Ens veiem al setembre!<\/p>\n","protected":false},"excerpt":{"rendered":"<p>El passat mes de maig el cicle mitj\u00e0 va gaudir d\u2019una visita molt interessant al Parc Sam\u00e0 situat entre Cambrils i Montbri\u00f3. Un parc idil\u00b7l\u00edc que servia de residencia de descans pel marqu\u00e8s Salvador Sam\u00e0, que va omplir de racons rom\u00e0ntics, cl\u00e0ssics i m\u00e0gics i&hellip;  <a href=\"https:\/\/agora.xtec.cat\/escola-torreforta\/portada\/sortides-de-final-de-curs-cicle-mitja\/\" title=\"Read SORTIDES DE FINAL DE CURS &#8211; CICLE MITJ\u00c0\">Llegeix m\u00e9s\u00bb<\/a><\/p>\n","protected":false},"author":7,"featured_media":0,"comment_status":"open","ping_status":"closed","sticky":false,"template":"","format":"standard","meta":{"_bbp_topic_count":0,"_bbp_reply_count":0,"_bbp_total_topic_count":0,"_bbp_total_reply_count":0,"_bbp_voice_count":0,"_bbp_anonymous_reply_count":0,"_bbp_topic_count_hidden":0,"_bbp_reply_count_hidden":0,"_bbp_forum_subforum_count":0,"footnotes":""},"categories":[4],"tags":[56,79,222],"class_list":["post-1891","post","type-post","status-publish","format-standard","hentry","category-portada","tag-activitats","tag-cicle-mitja","tag-sortida-final-de-curs"],"post_mailing_queue_ids":[],"_links":{"self":[{"href":"https:\/\/agora.xtec.cat\/escola-torreforta\/wp-json\/wp\/v2\/posts\/1891","targetHints":{"allow":["GET"]}}],"collection":[{"href":"https:\/\/agora.xtec.cat\/escola-torreforta\/wp-json\/wp\/v2\/posts"}],"about":[{"href":"https:\/\/agora.xtec.cat\/escola-torreforta\/wp-json\/wp\/v2\/types\/post"}],"author":[{"embeddable":true,"href":"https:\/\/agora.xtec.cat\/escola-torreforta\/wp-json\/wp\/v2\/users\/7"}],"replies":[{"embeddable":true,"href":"https:\/\/agora.xtec.cat\/escola-torreforta\/wp-json\/wp\/v2\/comments?post=1891"}],"version-history":[{"count":2,"href":"https:\/\/agora.xtec.cat\/escola-torreforta\/wp-json\/wp\/v2\/posts\/1891\/revisions"}],"predecessor-version":[{"id":1897,"href":"https:\/\/agora.xtec.cat\/escola-torreforta\/wp-json\/wp\/v2\/posts\/1891\/revisions\/1897"}],"wp:attachment":[{"href":"https:\/\/agora.xtec.cat\/escola-torreforta\/wp-json\/wp\/v2\/media?parent=1891"}],"wp:term":[{"taxonomy":"category","embeddable":true,"href":"https:\/\/agora.xtec.cat\/escola-torreforta\/wp-json\/wp\/v2\/categories?post=1891"},{"taxonomy":"post_tag","embeddable":true,"href":"https:\/\/agora.xtec.cat\/escola-torreforta\/wp-json\/wp\/v2\/tags?post=1891"}],"curies":[{"name":"wp","href":"https:\/\/api.w.org\/{rel}","templated":true}]}}