{"id":1887,"date":"2021-06-23T17:09:32","date_gmt":"2021-06-23T15:09:32","guid":{"rendered":"https:\/\/agora.xtec.cat\/escola-torreforta\/?p=1887"},"modified":"2021-06-23T17:37:13","modified_gmt":"2021-06-23T15:37:13","slug":"sortides-de-final-de-curs-cicle-superior","status":"publish","type":"post","link":"https:\/\/agora.xtec.cat\/escola-torreforta\/portada\/sortides-de-final-de-curs-cicle-superior\/","title":{"rendered":"SORTIDES DE FINAL DE CURS &#8211; CICLE SUPERIOR"},"content":{"rendered":"<p><iframe loading=\"lazy\" title=\"Sortides 20-21_Cicle Superior\" width=\"500\" height=\"281\" src=\"https:\/\/www.youtube.com\/embed\/WhdVLAAbxeo?feature=oembed\" frameborder=\"0\" allow=\"accelerometer; autoplay; clipboard-write; encrypted-media; gyroscope; picture-in-picture; web-share\" referrerpolicy=\"strict-origin-when-cross-origin\" allowfullscreen><\/iframe><\/p>\n<p>Us deixem amb les fotografies de les sortides de final de curs de Cicle Superior. Cinqu\u00e8 va visitar el Bosc de la Marquesa i les platges properes i tamb\u00e9 va fer una caminada per l&#8217;entorn del Pont del Diable. 6\u00e8 tamb\u00e9 es va remullar ben remullat a la platja i va passar-ho reb\u00e9 grimpant pels arbres al Jungle Trek d&#8217;Altafulla!<\/p>\n<p>Aquest curs marcat per la pand\u00e8mia ens ha portat moments durs, dificultats i situacions at\u00edpiques. Tot i aquesta viv\u00e8ncia, tots plegats ens hem intentat adaptar, participar de l&#8217;escola i l&#8217;aprenentatge i, fins i tot, gaudir de sortides tan meravelloses com les d&#8217;aquestes darreres setmanes de curs. Us desitgem el millor als alumnes de 6\u00e8, que aquest curs vinent fareu el pas a l&#8217;institut, i als de 5\u00e8 tamb\u00e9, que l&#8217;any vinent sereu els m\u00e9s grans de l&#8217;escola. Molt bon estiu!<\/p>\n","protected":false},"excerpt":{"rendered":"<p>Us deixem amb les fotografies de les sortides de final de curs de Cicle Superior. Cinqu\u00e8 va visitar el Bosc de la Marquesa i les platges properes i tamb\u00e9 va fer una caminada per l&#8217;entorn del Pont del Diable. 6\u00e8 tamb\u00e9 es va remullar ben&hellip;  <a href=\"https:\/\/agora.xtec.cat\/escola-torreforta\/portada\/sortides-de-final-de-curs-cicle-superior\/\" title=\"Read SORTIDES DE FINAL DE CURS &#8211; CICLE SUPERIOR\">Llegeix m\u00e9s\u00bb<\/a><\/p>\n","protected":false},"author":7,"featured_media":0,"comment_status":"open","ping_status":"closed","sticky":false,"template":"","format":"standard","meta":{"_bbp_topic_count":0,"_bbp_reply_count":0,"_bbp_total_topic_count":0,"_bbp_total_reply_count":0,"_bbp_voice_count":0,"_bbp_anonymous_reply_count":0,"_bbp_topic_count_hidden":0,"_bbp_reply_count_hidden":0,"_bbp_forum_subforum_count":0,"footnotes":""},"categories":[4],"tags":[56,73,222],"class_list":["post-1887","post","type-post","status-publish","format-standard","hentry","category-portada","tag-activitats","tag-cicle-superior","tag-sortida-final-de-curs"],"post_mailing_queue_ids":[],"_links":{"self":[{"href":"https:\/\/agora.xtec.cat\/escola-torreforta\/wp-json\/wp\/v2\/posts\/1887","targetHints":{"allow":["GET"]}}],"collection":[{"href":"https:\/\/agora.xtec.cat\/escola-torreforta\/wp-json\/wp\/v2\/posts"}],"about":[{"href":"https:\/\/agora.xtec.cat\/escola-torreforta\/wp-json\/wp\/v2\/types\/post"}],"author":[{"embeddable":true,"href":"https:\/\/agora.xtec.cat\/escola-torreforta\/wp-json\/wp\/v2\/users\/7"}],"replies":[{"embeddable":true,"href":"https:\/\/agora.xtec.cat\/escola-torreforta\/wp-json\/wp\/v2\/comments?post=1887"}],"version-history":[{"count":3,"href":"https:\/\/agora.xtec.cat\/escola-torreforta\/wp-json\/wp\/v2\/posts\/1887\/revisions"}],"predecessor-version":[{"id":1899,"href":"https:\/\/agora.xtec.cat\/escola-torreforta\/wp-json\/wp\/v2\/posts\/1887\/revisions\/1899"}],"wp:attachment":[{"href":"https:\/\/agora.xtec.cat\/escola-torreforta\/wp-json\/wp\/v2\/media?parent=1887"}],"wp:term":[{"taxonomy":"category","embeddable":true,"href":"https:\/\/agora.xtec.cat\/escola-torreforta\/wp-json\/wp\/v2\/categories?post=1887"},{"taxonomy":"post_tag","embeddable":true,"href":"https:\/\/agora.xtec.cat\/escola-torreforta\/wp-json\/wp\/v2\/tags?post=1887"}],"curies":[{"name":"wp","href":"https:\/\/api.w.org\/{rel}","templated":true}]}}