{"id":1884,"date":"2021-06-23T17:14:04","date_gmt":"2021-06-23T15:14:04","guid":{"rendered":"https:\/\/agora.xtec.cat\/escola-torreforta\/?p=1884"},"modified":"2021-06-23T17:16:03","modified_gmt":"2021-06-23T15:16:03","slug":"sortida-final-de-curs-cicle-inicial","status":"publish","type":"post","link":"https:\/\/agora.xtec.cat\/escola-torreforta\/portada\/sortida-final-de-curs-cicle-inicial\/","title":{"rendered":"SORTIDES DE FINAL DE CURS &#8211;  CICLE INICIAL"},"content":{"rendered":"<p><iframe loading=\"lazy\" title=\"Sortides 20-21_Cicle Inicial\" width=\"500\" height=\"375\" src=\"https:\/\/www.youtube.com\/embed\/zjfGES0IdaM?feature=oembed\" frameborder=\"0\" allow=\"accelerometer; autoplay; clipboard-write; encrypted-media; gyroscope; picture-in-picture; web-share\" referrerpolicy=\"strict-origin-when-cross-origin\" allowfullscreen><\/iframe><\/p>\n<p>Els i les alumnes de Cicle Inicial van poder gaudir de la sortida de final de curs visitant l&#8217;hort de Can F\u00e8lix a la Riera de Gai\u00e0, on van descobrir el magn\u00edfic m\u00f3n de les abelles i les plantes arom\u00e0tiques. Envoltats d&#8217;un entorn natural van passar un dia fant\u00e0stic!<\/p>\n<p>Aprofitem tamb\u00e9 per donar per finalitzat el curs 20\/21, un curs complicat i marcat per la pand\u00e8mia que estem vivint, per\u00f2 volem felicitar a tots els pares i mares i sobretot a TOTS els\/les alumnes per la feina feta, no ha estat f\u00e0cil per\u00f2 entre tots ho hem superat!!!! Bon estiu i bones vacances!<\/p>\n","protected":false},"excerpt":{"rendered":"<p>Els i les alumnes de Cicle Inicial van poder gaudir de la sortida de final de curs visitant l&#8217;hort de Can F\u00e8lix a la Riera de Gai\u00e0, on van descobrir el magn\u00edfic m\u00f3n de les abelles i les plantes arom\u00e0tiques. Envoltats d&#8217;un entorn natural van&hellip;  <a href=\"https:\/\/agora.xtec.cat\/escola-torreforta\/portada\/sortida-final-de-curs-cicle-inicial\/\" title=\"Read SORTIDES DE FINAL DE CURS &#8211;  CICLE INICIAL\">Llegeix m\u00e9s\u00bb<\/a><\/p>\n","protected":false},"author":5,"featured_media":1885,"comment_status":"open","ping_status":"closed","sticky":false,"template":"","format":"standard","meta":{"_bbp_topic_count":0,"_bbp_reply_count":0,"_bbp_total_topic_count":0,"_bbp_total_reply_count":0,"_bbp_voice_count":0,"_bbp_anonymous_reply_count":0,"_bbp_topic_count_hidden":0,"_bbp_reply_count_hidden":0,"_bbp_forum_subforum_count":0,"footnotes":""},"categories":[4],"tags":[56,80,222],"class_list":["post-1884","post","type-post","status-publish","format-standard","has-post-thumbnail","hentry","category-portada","tag-activitats","tag-cicle-inicial","tag-sortida-final-de-curs"],"post_mailing_queue_ids":[],"_links":{"self":[{"href":"https:\/\/agora.xtec.cat\/escola-torreforta\/wp-json\/wp\/v2\/posts\/1884","targetHints":{"allow":["GET"]}}],"collection":[{"href":"https:\/\/agora.xtec.cat\/escola-torreforta\/wp-json\/wp\/v2\/posts"}],"about":[{"href":"https:\/\/agora.xtec.cat\/escola-torreforta\/wp-json\/wp\/v2\/types\/post"}],"author":[{"embeddable":true,"href":"https:\/\/agora.xtec.cat\/escola-torreforta\/wp-json\/wp\/v2\/users\/5"}],"replies":[{"embeddable":true,"href":"https:\/\/agora.xtec.cat\/escola-torreforta\/wp-json\/wp\/v2\/comments?post=1884"}],"version-history":[{"count":2,"href":"https:\/\/agora.xtec.cat\/escola-torreforta\/wp-json\/wp\/v2\/posts\/1884\/revisions"}],"predecessor-version":[{"id":1892,"href":"https:\/\/agora.xtec.cat\/escola-torreforta\/wp-json\/wp\/v2\/posts\/1884\/revisions\/1892"}],"wp:featuredmedia":[{"embeddable":true,"href":"https:\/\/agora.xtec.cat\/escola-torreforta\/wp-json\/wp\/v2\/media\/1885"}],"wp:attachment":[{"href":"https:\/\/agora.xtec.cat\/escola-torreforta\/wp-json\/wp\/v2\/media?parent=1884"}],"wp:term":[{"taxonomy":"category","embeddable":true,"href":"https:\/\/agora.xtec.cat\/escola-torreforta\/wp-json\/wp\/v2\/categories?post=1884"},{"taxonomy":"post_tag","embeddable":true,"href":"https:\/\/agora.xtec.cat\/escola-torreforta\/wp-json\/wp\/v2\/tags?post=1884"}],"curies":[{"name":"wp","href":"https:\/\/api.w.org\/{rel}","templated":true}]}}