{"id":1326,"date":"2020-05-28T18:14:57","date_gmt":"2020-05-28T16:14:57","guid":{"rendered":"https:\/\/agora.xtec.cat\/escola-torreforta\/?p=1326"},"modified":"2020-05-28T20:54:33","modified_gmt":"2020-05-28T18:54:33","slug":"declaracio-responsable","status":"publish","type":"post","link":"https:\/\/agora.xtec.cat\/escola-torreforta\/portada\/declaracio-responsable\/","title":{"rendered":"DECLARACI\u00d3 RESPONSABLE"},"content":{"rendered":"<p>Benvolgudes fam\u00edlies,<\/p>\n<p>L&#8217;alumnat de 6\u00e8 que vulgui assistir a l&#8217;Escola de manera volunt\u00e0ria haur\u00e0 de portar aquest document signat a Secretaria. Tamb\u00e9 poden passar directament per Secretaria i signar-ho.<\/p>\n<p>Horari per a 6A, divendres 29 de maig de 2020, de 9:30h a 12h<\/p>\n<p>Horari per a 6B, dilluns 1 de juny de 2020, de 9:30h a 12h<\/p>\n<p><a href=\"https:\/\/agora.xtec.cat\/escola-torreforta\/wp-content\/uploads\/usu181\/2020\/05\/DECLARACI\u00d3-PRIM\u00c0RIA.pdf\">DECLARACI\u00d3 PRIM\u00c0RIA<\/a><\/p>\n<p>&nbsp;<\/p>\n","protected":false},"excerpt":{"rendered":"<p>Benvolgudes fam\u00edlies,<br \/>\nL&#8217;alumnat de 6\u00e8 que vulgui assistir a l&#8217;Escola de manera volunt\u00e0ria haur\u00e0 de portar aquest document signat a Secretaria. Tamb\u00e9 poden passar directament per Secretaria i signar-ho.<br \/>\nHorari per a 6A, divendres 29 de maig de 2020, de 9:30h a 12h<br \/>\nHorari per a 6B, dilluns&hellip;  <a href=\"https:\/\/agora.xtec.cat\/escola-torreforta\/portada\/declaracio-responsable\/\" title=\"Read DECLARACI\u00d3 RESPONSABLE\">Llegeix m\u00e9s\u00bb<\/a><\/p>\n","protected":false},"author":5,"featured_media":0,"comment_status":"open","ping_status":"closed","sticky":false,"template":"","format":"standard","meta":{"_bbp_topic_count":0,"_bbp_reply_count":0,"_bbp_total_topic_count":0,"_bbp_total_reply_count":0,"_bbp_voice_count":0,"_bbp_anonymous_reply_count":0,"_bbp_topic_count_hidden":0,"_bbp_reply_count_hidden":0,"_bbp_forum_subforum_count":0,"footnotes":""},"categories":[4],"tags":[73,123,82,76],"class_list":["post-1326","post","type-post","status-publish","format-standard","hentry","category-portada","tag-cicle-superior","tag-declaracio-responsable","tag-general","tag-informacio"],"post_mailing_queue_ids":[],"_links":{"self":[{"href":"https:\/\/agora.xtec.cat\/escola-torreforta\/wp-json\/wp\/v2\/posts\/1326","targetHints":{"allow":["GET"]}}],"collection":[{"href":"https:\/\/agora.xtec.cat\/escola-torreforta\/wp-json\/wp\/v2\/posts"}],"about":[{"href":"https:\/\/agora.xtec.cat\/escola-torreforta\/wp-json\/wp\/v2\/types\/post"}],"author":[{"embeddable":true,"href":"https:\/\/agora.xtec.cat\/escola-torreforta\/wp-json\/wp\/v2\/users\/5"}],"replies":[{"embeddable":true,"href":"https:\/\/agora.xtec.cat\/escola-torreforta\/wp-json\/wp\/v2\/comments?post=1326"}],"version-history":[{"count":3,"href":"https:\/\/agora.xtec.cat\/escola-torreforta\/wp-json\/wp\/v2\/posts\/1326\/revisions"}],"predecessor-version":[{"id":1330,"href":"https:\/\/agora.xtec.cat\/escola-torreforta\/wp-json\/wp\/v2\/posts\/1326\/revisions\/1330"}],"wp:attachment":[{"href":"https:\/\/agora.xtec.cat\/escola-torreforta\/wp-json\/wp\/v2\/media?parent=1326"}],"wp:term":[{"taxonomy":"category","embeddable":true,"href":"https:\/\/agora.xtec.cat\/escola-torreforta\/wp-json\/wp\/v2\/categories?post=1326"},{"taxonomy":"post_tag","embeddable":true,"href":"https:\/\/agora.xtec.cat\/escola-torreforta\/wp-json\/wp\/v2\/tags?post=1326"}],"curies":[{"name":"wp","href":"https:\/\/api.w.org\/{rel}","templated":true}]}}