{"id":762,"date":"2020-09-28T12:44:10","date_gmt":"2020-09-28T10:44:10","guid":{"rendered":"https:\/\/agora.xtec.cat\/escola-teresamiquelipamies\/?p=762"},"modified":"2021-06-22T15:46:04","modified_gmt":"2021-06-22T13:46:04","slug":"prova-de-projecte-hello","status":"publish","type":"post","link":"https:\/\/agora.xtec.cat\/escola-teresamiquelipamies\/projectes\/hello\/prova-de-projecte-hello\/","title":{"rendered":"Erasmus+ socis"},"content":{"rendered":"<p><a href=\"https:\/\/agora.xtec.cat\/escola-teresamiquelipamies\/wp-content\/uploads\/usu2106\/2020\/09\/erasmus-1.jpg\"><img loading=\"lazy\" decoding=\"async\" class=\"alignnone size-full wp-image-765\" src=\"https:\/\/agora.xtec.cat\/escola-teresamiquelipamies\/wp-content\/uploads\/usu2106\/2020\/09\/erasmus-1.jpg\" alt=\"\" width=\"294\" height=\"172\" \/><\/a><\/p>\n<p>La nostra escola participa en un Projecte Erasmus+ com a soci\u00a0 juntament amb una escola de Gr\u00e8cia, una d&#8217;It\u00e0lia i\u00a0 una altra de Cuenca.<\/p>\n<p>El principal objectiu d&#8217;aquest projecte \u00e9s\u00a0 l&#8217;intercanvi de bones pr\u00e0ctiques entre els diferents centres escolars.<\/p>\n<p>El centre coordinador del projecte \u00e9s el de Gr\u00e8cia.<\/p>\n<p>El t\u00edtol del projecte \u00e9s: &#8220;Explorant la implementaci\u00f3 de l&#8217;aprenentatge social i emocional en les escoles de prim\u00e0ria a trav\u00e9s de les \u00e0rees d&#8217;educaci\u00f3 f\u00edsica i teatre&#8221;.<\/p>\n<p>La durada \u00e9s de 2 cursos: 2020-2022<\/p>\n<table>\n<tbody>\n<tr>\n<td>Main objective of the project<\/td>\n<td>Exchange of good practices<\/td>\n<\/tr>\n<tr>\n<td>Project title<\/td>\n<td>Exploring the implementation of Social and Emotional Learning (SEL) in Primary Schools across<\/p>\n<p>the subject areas of Physical Education (PE) and Drama in Education (DE)<\/td>\n<\/tr>\n<tr>\n<td>Project Start Date<\/td>\n<td>2020-09-01<\/td>\n<\/tr>\n<tr>\n<td>Project total duration<\/td>\n<td>24 months<\/td>\n<\/tr>\n<tr>\n<td>Project End Date<\/td>\n<td>2022-08-31<\/td>\n<\/tr>\n<tr>\n<td>National Agency of<\/p>\n<p>Applicant Organisation<\/td>\n<td>EL01 Greek State Scholarship&#8217;s Foundation (IKY)<\/td>\n<\/tr>\n<\/tbody>\n<\/table>\n","protected":false},"excerpt":{"rendered":"<p><a href=\"https:\/\/agora.xtec.cat\/escola-teresamiquelipamies\/wp-content\/uploads\/usu2106\/2020\/09\/erasmus-1.jpg\"><\/a><br \/>\nLa nostra escola participa en un Projecte Erasmus+ com a soci\u00a0 juntament amb una escola de Gr\u00e8cia, una d&#8217;It\u00e0lia i\u00a0 una altra de Cuenca.<br \/>\nEl principal objectiu d&#8217;aquest projecte \u00e9s\u00a0 l&#8217;intercanvi de bones pr\u00e0ctiques entre els diferents centres escolars.<br \/>\nEl centre coordinador del projecte \u00e9s el&hellip;  <a href=\"https:\/\/agora.xtec.cat\/escola-teresamiquelipamies\/projectes\/hello\/prova-de-projecte-hello\/\" title=\"Read Erasmus+ socis\">Llegeix m\u00e9s\u00bb<\/a><\/p>\n","protected":false},"author":1,"featured_media":766,"comment_status":"open","ping_status":"closed","sticky":false,"template":"","format":"standard","meta":{"_bbp_topic_count":0,"_bbp_reply_count":0,"_bbp_total_topic_count":0,"_bbp_total_reply_count":0,"_bbp_voice_count":0,"_bbp_anonymous_reply_count":0,"_bbp_topic_count_hidden":0,"_bbp_reply_count_hidden":0,"_bbp_forum_subforum_count":0,"footnotes":""},"categories":[74],"tags":[94,113],"class_list":["post-762","post","type-post","status-publish","format-standard","has-post-thumbnail","hentry","category-hello","tag-hello","tag-projectes"],"post_mailing_queue_ids":[],"_links":{"self":[{"href":"https:\/\/agora.xtec.cat\/escola-teresamiquelipamies\/wp-json\/wp\/v2\/posts\/762","targetHints":{"allow":["GET"]}}],"collection":[{"href":"https:\/\/agora.xtec.cat\/escola-teresamiquelipamies\/wp-json\/wp\/v2\/posts"}],"about":[{"href":"https:\/\/agora.xtec.cat\/escola-teresamiquelipamies\/wp-json\/wp\/v2\/types\/post"}],"author":[{"embeddable":true,"href":"https:\/\/agora.xtec.cat\/escola-teresamiquelipamies\/wp-json\/wp\/v2\/users\/1"}],"replies":[{"embeddable":true,"href":"https:\/\/agora.xtec.cat\/escola-teresamiquelipamies\/wp-json\/wp\/v2\/comments?post=762"}],"version-history":[{"count":3,"href":"https:\/\/agora.xtec.cat\/escola-teresamiquelipamies\/wp-json\/wp\/v2\/posts\/762\/revisions"}],"predecessor-version":[{"id":1594,"href":"https:\/\/agora.xtec.cat\/escola-teresamiquelipamies\/wp-json\/wp\/v2\/posts\/762\/revisions\/1594"}],"wp:featuredmedia":[{"embeddable":true,"href":"https:\/\/agora.xtec.cat\/escola-teresamiquelipamies\/wp-json\/wp\/v2\/media\/766"}],"wp:attachment":[{"href":"https:\/\/agora.xtec.cat\/escola-teresamiquelipamies\/wp-json\/wp\/v2\/media?parent=762"}],"wp:term":[{"taxonomy":"category","embeddable":true,"href":"https:\/\/agora.xtec.cat\/escola-teresamiquelipamies\/wp-json\/wp\/v2\/categories?post=762"},{"taxonomy":"post_tag","embeddable":true,"href":"https:\/\/agora.xtec.cat\/escola-teresamiquelipamies\/wp-json\/wp\/v2\/tags?post=762"}],"curies":[{"name":"wp","href":"https:\/\/api.w.org\/{rel}","templated":true}]}}