{"id":4333,"date":"2026-03-13T11:56:16","date_gmt":"2026-03-13T10:56:16","guid":{"rendered":"https:\/\/agora.xtec.cat\/escola-teresamiquelipamies\/?p=4333"},"modified":"2026-03-13T11:56:16","modified_gmt":"2026-03-13T10:56:16","slug":"setmana-experimental-2","status":"publish","type":"post","link":"https:\/\/agora.xtec.cat\/escola-teresamiquelipamies\/portada\/setmana-experimental-2\/","title":{"rendered":"Setmana Experimental"},"content":{"rendered":"<p data-start=\"63\" data-end=\"273\">Durant aquests dies hem celebrat a l\u2019escola la Setmana Experimental, una activitat emmarcada dins del Projecte Eureka, que promou la curiositat, la investigaci\u00f3 i el pensament cient\u00edfic entre l\u2019alumnat.<\/p>\n<p data-start=\"275\" data-end=\"576\">Al llarg del curs, els alumnes han anat realitzant diversos experiments cient\u00edfics a l\u2019aula. Durant aquesta setmana especial, han tingut l\u2019oportunitat de presentar i explicar aquests experiments a les seves fam\u00edlies, que han visitat les classes per con\u00e8ixer de primera m\u00e0 el treball realitzat.<\/p>\n<p data-start=\"578\" data-end=\"845\">Els alumnes s\u2019han convertit en petits cient\u00edfics, exposant els seus experiments davant dels pares i mares com si fossin aut\u00e8ntiques pon\u00e8ncies cient\u00edfiques. Han explicat qu\u00e8 volien investigar, com han dut a terme l\u2019experiment i quines conclusions n\u2019han extret.<\/p>\n<p data-start=\"847\" data-end=\"1055\">Ha estat una experi\u00e8ncia molt enriquidora que ha perm\u00e8s compartir l\u2019aprenentatge amb les fam\u00edlies, fomentar l\u2019expressi\u00f3 oral de l\u2019alumnat i despertar encara m\u00e9s l\u2019inter\u00e8s per la ci\u00e8ncia i la investigaci\u00f3.<\/p>\n<p data-start=\"1057\" data-end=\"1251\" data-is-last-node=\"\" data-is-only-node=\"\">Agra\u00efm la participaci\u00f3 de totes les fam\u00edlies que han pogut assistir i compartir aquest moment amb nosaltres. Sens dubte, una setmana plena de ci\u00e8ncia, curiositat i aprenentatge compartit.<\/p>\n<p data-start=\"1057\" data-end=\"1251\" data-is-last-node=\"\" data-is-only-node=\"\"><a href=\"https:\/\/agora.xtec.cat\/escola-teresamiquelipamies\/wp-content\/uploads\/usu2106\/2026\/03\/eureka1.jpg\"><img loading=\"lazy\" decoding=\"async\" class=\"aligncenter wp-image-4334 size-full\" src=\"https:\/\/agora.xtec.cat\/escola-teresamiquelipamies\/wp-content\/uploads\/usu2106\/2026\/03\/eureka1.jpg\" alt=\"\" width=\"1019\" height=\"764\" srcset=\"https:\/\/agora.xtec.cat\/escola-teresamiquelipamies\/wp-content\/uploads\/usu2106\/2026\/03\/eureka1.jpg 1019w, https:\/\/agora.xtec.cat\/escola-teresamiquelipamies\/wp-content\/uploads\/usu2106\/2026\/03\/eureka1-300x225.jpg 300w, https:\/\/agora.xtec.cat\/escola-teresamiquelipamies\/wp-content\/uploads\/usu2106\/2026\/03\/eureka1-768x576.jpg 768w, https:\/\/agora.xtec.cat\/escola-teresamiquelipamies\/wp-content\/uploads\/usu2106\/2026\/03\/eureka1-200x150.jpg 200w\" sizes=\"auto, (max-width: 1019px) 100vw, 1019px\" \/><\/a> <a href=\"https:\/\/agora.xtec.cat\/escola-teresamiquelipamies\/wp-content\/uploads\/usu2106\/2026\/03\/eureka2.jpg\"><img loading=\"lazy\" decoding=\"async\" class=\"aligncenter wp-image-4335 size-full\" src=\"https:\/\/agora.xtec.cat\/escola-teresamiquelipamies\/wp-content\/uploads\/usu2106\/2026\/03\/eureka2.jpg\" alt=\"\" width=\"1019\" height=\"764\" srcset=\"https:\/\/agora.xtec.cat\/escola-teresamiquelipamies\/wp-content\/uploads\/usu2106\/2026\/03\/eureka2.jpg 1019w, https:\/\/agora.xtec.cat\/escola-teresamiquelipamies\/wp-content\/uploads\/usu2106\/2026\/03\/eureka2-300x225.jpg 300w, https:\/\/agora.xtec.cat\/escola-teresamiquelipamies\/wp-content\/uploads\/usu2106\/2026\/03\/eureka2-768x576.jpg 768w, https:\/\/agora.xtec.cat\/escola-teresamiquelipamies\/wp-content\/uploads\/usu2106\/2026\/03\/eureka2-200x150.jpg 200w\" sizes=\"auto, (max-width: 1019px) 100vw, 1019px\" \/><\/a> <a href=\"https:\/\/agora.xtec.cat\/escola-teresamiquelipamies\/wp-content\/uploads\/usu2106\/2026\/03\/eureka3.jpg\"><img loading=\"lazy\" decoding=\"async\" class=\"aligncenter wp-image-4336 size-full\" src=\"https:\/\/agora.xtec.cat\/escola-teresamiquelipamies\/wp-content\/uploads\/usu2106\/2026\/03\/eureka3.jpg\" alt=\"\" width=\"1019\" height=\"764\" srcset=\"https:\/\/agora.xtec.cat\/escola-teresamiquelipamies\/wp-content\/uploads\/usu2106\/2026\/03\/eureka3.jpg 1019w, https:\/\/agora.xtec.cat\/escola-teresamiquelipamies\/wp-content\/uploads\/usu2106\/2026\/03\/eureka3-300x225.jpg 300w, https:\/\/agora.xtec.cat\/escola-teresamiquelipamies\/wp-content\/uploads\/usu2106\/2026\/03\/eureka3-768x576.jpg 768w, https:\/\/agora.xtec.cat\/escola-teresamiquelipamies\/wp-content\/uploads\/usu2106\/2026\/03\/eureka3-200x150.jpg 200w\" sizes=\"auto, (max-width: 1019px) 100vw, 1019px\" \/><\/a> <a href=\"https:\/\/agora.xtec.cat\/escola-teresamiquelipamies\/wp-content\/uploads\/usu2106\/2026\/03\/eureka4.jpg\"><img loading=\"lazy\" decoding=\"async\" class=\"aligncenter wp-image-4337 size-full\" src=\"https:\/\/agora.xtec.cat\/escola-teresamiquelipamies\/wp-content\/uploads\/usu2106\/2026\/03\/eureka4.jpg\" alt=\"\" width=\"1019\" height=\"764\" srcset=\"https:\/\/agora.xtec.cat\/escola-teresamiquelipamies\/wp-content\/uploads\/usu2106\/2026\/03\/eureka4.jpg 1019w, https:\/\/agora.xtec.cat\/escola-teresamiquelipamies\/wp-content\/uploads\/usu2106\/2026\/03\/eureka4-300x225.jpg 300w, https:\/\/agora.xtec.cat\/escola-teresamiquelipamies\/wp-content\/uploads\/usu2106\/2026\/03\/eureka4-768x576.jpg 768w, https:\/\/agora.xtec.cat\/escola-teresamiquelipamies\/wp-content\/uploads\/usu2106\/2026\/03\/eureka4-200x150.jpg 200w\" sizes=\"auto, (max-width: 1019px) 100vw, 1019px\" \/><\/a><\/p>\n","protected":false},"excerpt":{"rendered":"<p>Durant aquests dies hem celebrat a l\u2019escola la Setmana Experimental, una activitat emmarcada dins del Projecte Eureka, que promou la curiositat, la investigaci\u00f3 i el pensament cient\u00edfic entre l\u2019alumnat.<br \/>\nAl llarg del curs, els alumnes han anat realitzant diversos experiments cient\u00edfics a l\u2019aula. Durant aquesta setmana&hellip;  <a href=\"https:\/\/agora.xtec.cat\/escola-teresamiquelipamies\/portada\/setmana-experimental-2\/\" title=\"Read Setmana Experimental\">Llegeix m\u00e9s\u00bb<\/a><\/p>\n","protected":false},"author":1,"featured_media":4337,"comment_status":"open","ping_status":"open","sticky":false,"template":"","format":"standard","meta":{"_bbp_topic_count":0,"_bbp_reply_count":0,"_bbp_total_topic_count":0,"_bbp_total_reply_count":0,"_bbp_voice_count":0,"_bbp_anonymous_reply_count":0,"_bbp_topic_count_hidden":0,"_bbp_reply_count_hidden":0,"_bbp_forum_subforum_count":0,"footnotes":""},"categories":[73,4,71],"tags":[70],"class_list":["post-4333","post","type-post","status-publish","format-standard","has-post-thumbnail","hentry","category-eureka","category-portada","category-projectes","tag-n"],"post_mailing_queue_ids":[],"_links":{"self":[{"href":"https:\/\/agora.xtec.cat\/escola-teresamiquelipamies\/wp-json\/wp\/v2\/posts\/4333","targetHints":{"allow":["GET"]}}],"collection":[{"href":"https:\/\/agora.xtec.cat\/escola-teresamiquelipamies\/wp-json\/wp\/v2\/posts"}],"about":[{"href":"https:\/\/agora.xtec.cat\/escola-teresamiquelipamies\/wp-json\/wp\/v2\/types\/post"}],"author":[{"embeddable":true,"href":"https:\/\/agora.xtec.cat\/escola-teresamiquelipamies\/wp-json\/wp\/v2\/users\/1"}],"replies":[{"embeddable":true,"href":"https:\/\/agora.xtec.cat\/escola-teresamiquelipamies\/wp-json\/wp\/v2\/comments?post=4333"}],"version-history":[{"count":1,"href":"https:\/\/agora.xtec.cat\/escola-teresamiquelipamies\/wp-json\/wp\/v2\/posts\/4333\/revisions"}],"predecessor-version":[{"id":4338,"href":"https:\/\/agora.xtec.cat\/escola-teresamiquelipamies\/wp-json\/wp\/v2\/posts\/4333\/revisions\/4338"}],"wp:featuredmedia":[{"embeddable":true,"href":"https:\/\/agora.xtec.cat\/escola-teresamiquelipamies\/wp-json\/wp\/v2\/media\/4337"}],"wp:attachment":[{"href":"https:\/\/agora.xtec.cat\/escola-teresamiquelipamies\/wp-json\/wp\/v2\/media?parent=4333"}],"wp:term":[{"taxonomy":"category","embeddable":true,"href":"https:\/\/agora.xtec.cat\/escola-teresamiquelipamies\/wp-json\/wp\/v2\/categories?post=4333"},{"taxonomy":"post_tag","embeddable":true,"href":"https:\/\/agora.xtec.cat\/escola-teresamiquelipamies\/wp-json\/wp\/v2\/tags?post=4333"}],"curies":[{"name":"wp","href":"https:\/\/api.w.org\/{rel}","templated":true}]}}