{"id":4326,"date":"2026-03-13T11:18:29","date_gmt":"2026-03-13T10:18:29","guid":{"rendered":"https:\/\/agora.xtec.cat\/escola-teresamiquelipamies\/?p=4326"},"modified":"2026-03-13T11:18:29","modified_gmt":"2026-03-13T10:18:29","slug":"sortida-miniatletisme-6e","status":"publish","type":"post","link":"https:\/\/agora.xtec.cat\/escola-teresamiquelipamies\/portada\/sortida-miniatletisme-6e\/","title":{"rendered":"Sortida Miniatletisme (6\u00e8)"},"content":{"rendered":"<p data-start=\"55\" data-end=\"405\">El passat 4 de mar\u00e7, els alumnes de sis\u00e8 de prim\u00e0ria van participar en la tradicional sortida d\u2019Educaci\u00f3 F\u00edsica de Mini-Atletisme. L\u2019activitat es va dur a terme a les instal\u00b7lacions del Club Nataci\u00f3 Reus Ploms, on l\u2019alumnat va tenir l\u2019oportunitat de con\u00e8ixer i practicar diverses disciplines de l\u2019atletisme en un entorn esportiu real.<\/p>\n<p data-start=\"407\" data-end=\"625\">Durant la jornada, els nois i noies van participar en diferents proves atl\u00e8tiques, posant en pr\u00e0ctica habilitats de velocitat, coordinaci\u00f3, for\u00e7a, resist\u00e8ncia i treball en equip. Les activitats realitzades van ser:<\/p>\n<ul data-start=\"627\" data-end=\"890\">\n<li data-section-id=\"188c0y2\" data-start=\"627\" data-end=\"671\">\n<p data-start=\"629\" data-end=\"671\">Curses de velocitat (60 metres llisos)<\/p>\n<\/li>\n<li data-section-id=\"6z18n2\" data-start=\"672\" data-end=\"707\">\n<p data-start=\"674\" data-end=\"707\">Curses de tanques (60 metres)<\/p>\n<\/li>\n<li data-section-id=\"wwhev9\" data-start=\"708\" data-end=\"750\">\n<p data-start=\"710\" data-end=\"750\">Llan\u00e7ament de pes amb bola de 2 kg<\/p>\n<\/li>\n<li data-section-id=\"m7ur9c\" data-start=\"751\" data-end=\"779\">\n<p data-start=\"753\" data-end=\"779\">Llan\u00e7ament de javelina<\/p>\n<\/li>\n<li data-section-id=\"1ysinpd\" data-start=\"780\" data-end=\"823\">\n<p data-start=\"782\" data-end=\"823\">Cursa de mig fons (600 metres llisos)<\/p>\n<\/li>\n<li data-section-id=\"8168oh\" data-start=\"824\" data-end=\"843\">\n<p data-start=\"826\" data-end=\"843\">Salt d\u2019al\u00e7ada<\/p>\n<\/li>\n<li data-section-id=\"1l6wpxv\" data-start=\"844\" data-end=\"866\">\n<p data-start=\"846\" data-end=\"866\">Salt de llargada<\/p>\n<\/li>\n<li data-section-id=\"16xzl0c\" data-start=\"867\" data-end=\"890\">\n<p data-start=\"869\" data-end=\"890\">Curses de relleus<\/p>\n<\/li>\n<\/ul>\n<p data-start=\"892\" data-end=\"1105\">La jornada va ser molt enriquidora, ja que va permetre als alumnes apropar-se a l\u2019atletisme d\u2019una manera pr\u00e0ctica i divertida, fomentant l\u2019activitat f\u00edsica, l\u2019esperit de superaci\u00f3 i el respecte entre companys.<\/p>\n<p data-start=\"1107\" data-end=\"1358\" data-is-last-node=\"\" data-is-only-node=\"\">Tots els participants van mostrar molta motivaci\u00f3 i ganes de participar, convertint aquesta sortida en una experi\u00e8ncia esportiva molt positiva. Sens dubte, una activitat que ajuda a promoure h\u00e0bits saludables i el gust per l\u2019esport.<\/p>\n<p data-start=\"1107\" data-end=\"1358\" data-is-last-node=\"\" data-is-only-node=\"\"><a href=\"https:\/\/agora.xtec.cat\/escola-teresamiquelipamies\/wp-content\/uploads\/usu2106\/2026\/03\/collage1.jpg\"><img loading=\"lazy\" decoding=\"async\" class=\"aligncenter wp-image-4327 size-full\" src=\"https:\/\/agora.xtec.cat\/escola-teresamiquelipamies\/wp-content\/uploads\/usu2106\/2026\/03\/collage1.jpg\" alt=\"\" width=\"1019\" height=\"764\" srcset=\"https:\/\/agora.xtec.cat\/escola-teresamiquelipamies\/wp-content\/uploads\/usu2106\/2026\/03\/collage1.jpg 1019w, https:\/\/agora.xtec.cat\/escola-teresamiquelipamies\/wp-content\/uploads\/usu2106\/2026\/03\/collage1-300x225.jpg 300w, https:\/\/agora.xtec.cat\/escola-teresamiquelipamies\/wp-content\/uploads\/usu2106\/2026\/03\/collage1-768x576.jpg 768w, https:\/\/agora.xtec.cat\/escola-teresamiquelipamies\/wp-content\/uploads\/usu2106\/2026\/03\/collage1-200x150.jpg 200w\" sizes=\"auto, (max-width: 1019px) 100vw, 1019px\" \/><\/a> <a href=\"https:\/\/agora.xtec.cat\/escola-teresamiquelipamies\/wp-content\/uploads\/usu2106\/2026\/03\/collage2.jpg\"><img loading=\"lazy\" decoding=\"async\" class=\"aligncenter wp-image-4328 size-full\" src=\"https:\/\/agora.xtec.cat\/escola-teresamiquelipamies\/wp-content\/uploads\/usu2106\/2026\/03\/collage2.jpg\" alt=\"\" width=\"1019\" height=\"764\" srcset=\"https:\/\/agora.xtec.cat\/escola-teresamiquelipamies\/wp-content\/uploads\/usu2106\/2026\/03\/collage2.jpg 1019w, https:\/\/agora.xtec.cat\/escola-teresamiquelipamies\/wp-content\/uploads\/usu2106\/2026\/03\/collage2-300x225.jpg 300w, https:\/\/agora.xtec.cat\/escola-teresamiquelipamies\/wp-content\/uploads\/usu2106\/2026\/03\/collage2-768x576.jpg 768w, https:\/\/agora.xtec.cat\/escola-teresamiquelipamies\/wp-content\/uploads\/usu2106\/2026\/03\/collage2-200x150.jpg 200w\" sizes=\"auto, (max-width: 1019px) 100vw, 1019px\" \/><\/a> <a href=\"https:\/\/agora.xtec.cat\/escola-teresamiquelipamies\/wp-content\/uploads\/usu2106\/2026\/03\/collage3.jpg\"><img loading=\"lazy\" decoding=\"async\" class=\"aligncenter wp-image-4329 size-full\" src=\"https:\/\/agora.xtec.cat\/escola-teresamiquelipamies\/wp-content\/uploads\/usu2106\/2026\/03\/collage3.jpg\" alt=\"\" width=\"1019\" height=\"764\" srcset=\"https:\/\/agora.xtec.cat\/escola-teresamiquelipamies\/wp-content\/uploads\/usu2106\/2026\/03\/collage3.jpg 1019w, https:\/\/agora.xtec.cat\/escola-teresamiquelipamies\/wp-content\/uploads\/usu2106\/2026\/03\/collage3-300x225.jpg 300w, https:\/\/agora.xtec.cat\/escola-teresamiquelipamies\/wp-content\/uploads\/usu2106\/2026\/03\/collage3-768x576.jpg 768w, https:\/\/agora.xtec.cat\/escola-teresamiquelipamies\/wp-content\/uploads\/usu2106\/2026\/03\/collage3-200x150.jpg 200w\" sizes=\"auto, (max-width: 1019px) 100vw, 1019px\" \/><\/a> <a href=\"https:\/\/agora.xtec.cat\/escola-teresamiquelipamies\/wp-content\/uploads\/usu2106\/2026\/03\/collage4.jpg\"><img loading=\"lazy\" decoding=\"async\" class=\"aligncenter wp-image-4330 size-full\" src=\"https:\/\/agora.xtec.cat\/escola-teresamiquelipamies\/wp-content\/uploads\/usu2106\/2026\/03\/collage4.jpg\" alt=\"\" width=\"1019\" height=\"764\" srcset=\"https:\/\/agora.xtec.cat\/escola-teresamiquelipamies\/wp-content\/uploads\/usu2106\/2026\/03\/collage4.jpg 1019w, https:\/\/agora.xtec.cat\/escola-teresamiquelipamies\/wp-content\/uploads\/usu2106\/2026\/03\/collage4-300x225.jpg 300w, https:\/\/agora.xtec.cat\/escola-teresamiquelipamies\/wp-content\/uploads\/usu2106\/2026\/03\/collage4-768x576.jpg 768w, https:\/\/agora.xtec.cat\/escola-teresamiquelipamies\/wp-content\/uploads\/usu2106\/2026\/03\/collage4-200x150.jpg 200w\" sizes=\"auto, (max-width: 1019px) 100vw, 1019px\" \/><\/a> <a href=\"https:\/\/agora.xtec.cat\/escola-teresamiquelipamies\/wp-content\/uploads\/usu2106\/2026\/03\/collage5.jpg\"><img loading=\"lazy\" decoding=\"async\" class=\"aligncenter wp-image-4331 size-full\" src=\"https:\/\/agora.xtec.cat\/escola-teresamiquelipamies\/wp-content\/uploads\/usu2106\/2026\/03\/collage5.jpg\" alt=\"\" width=\"1019\" height=\"764\" srcset=\"https:\/\/agora.xtec.cat\/escola-teresamiquelipamies\/wp-content\/uploads\/usu2106\/2026\/03\/collage5.jpg 1019w, https:\/\/agora.xtec.cat\/escola-teresamiquelipamies\/wp-content\/uploads\/usu2106\/2026\/03\/collage5-300x225.jpg 300w, https:\/\/agora.xtec.cat\/escola-teresamiquelipamies\/wp-content\/uploads\/usu2106\/2026\/03\/collage5-768x576.jpg 768w, https:\/\/agora.xtec.cat\/escola-teresamiquelipamies\/wp-content\/uploads\/usu2106\/2026\/03\/collage5-200x150.jpg 200w\" sizes=\"auto, (max-width: 1019px) 100vw, 1019px\" \/><\/a><\/p>\n","protected":false},"excerpt":{"rendered":"<p>El passat 4 de mar\u00e7, els alumnes de sis\u00e8 de prim\u00e0ria van participar en la tradicional sortida d\u2019Educaci\u00f3 F\u00edsica de Mini-Atletisme. L\u2019activitat es va dur a terme a les instal\u00b7lacions del Club Nataci\u00f3 Reus Ploms, on l\u2019alumnat va tenir l\u2019oportunitat de con\u00e8ixer i practicar diverses&hellip;  <a href=\"https:\/\/agora.xtec.cat\/escola-teresamiquelipamies\/portada\/sortida-miniatletisme-6e\/\" title=\"Read Sortida Miniatletisme (6\u00e8)\">Llegeix m\u00e9s\u00bb<\/a><\/p>\n","protected":false},"author":1,"featured_media":4331,"comment_status":"open","ping_status":"open","sticky":false,"template":"","format":"standard","meta":{"_bbp_topic_count":0,"_bbp_reply_count":0,"_bbp_total_topic_count":0,"_bbp_total_reply_count":0,"_bbp_voice_count":0,"_bbp_anonymous_reply_count":0,"_bbp_topic_count_hidden":0,"_bbp_reply_count_hidden":0,"_bbp_forum_subforum_count":0,"footnotes":""},"categories":[89,131,126,4,5],"tags":[69,134,127],"class_list":["post-4326","post","type-post","status-publish","format-standard","has-post-thumbnail","hentry","category-6e-comunitat-dels-grans","category-cs","category-educacio-fisica","category-portada","category-primaria","tag-6e","tag-cicle-superior","tag-educacio-fisica"],"post_mailing_queue_ids":[],"_links":{"self":[{"href":"https:\/\/agora.xtec.cat\/escola-teresamiquelipamies\/wp-json\/wp\/v2\/posts\/4326","targetHints":{"allow":["GET"]}}],"collection":[{"href":"https:\/\/agora.xtec.cat\/escola-teresamiquelipamies\/wp-json\/wp\/v2\/posts"}],"about":[{"href":"https:\/\/agora.xtec.cat\/escola-teresamiquelipamies\/wp-json\/wp\/v2\/types\/post"}],"author":[{"embeddable":true,"href":"https:\/\/agora.xtec.cat\/escola-teresamiquelipamies\/wp-json\/wp\/v2\/users\/1"}],"replies":[{"embeddable":true,"href":"https:\/\/agora.xtec.cat\/escola-teresamiquelipamies\/wp-json\/wp\/v2\/comments?post=4326"}],"version-history":[{"count":1,"href":"https:\/\/agora.xtec.cat\/escola-teresamiquelipamies\/wp-json\/wp\/v2\/posts\/4326\/revisions"}],"predecessor-version":[{"id":4332,"href":"https:\/\/agora.xtec.cat\/escola-teresamiquelipamies\/wp-json\/wp\/v2\/posts\/4326\/revisions\/4332"}],"wp:featuredmedia":[{"embeddable":true,"href":"https:\/\/agora.xtec.cat\/escola-teresamiquelipamies\/wp-json\/wp\/v2\/media\/4331"}],"wp:attachment":[{"href":"https:\/\/agora.xtec.cat\/escola-teresamiquelipamies\/wp-json\/wp\/v2\/media?parent=4326"}],"wp:term":[{"taxonomy":"category","embeddable":true,"href":"https:\/\/agora.xtec.cat\/escola-teresamiquelipamies\/wp-json\/wp\/v2\/categories?post=4326"},{"taxonomy":"post_tag","embeddable":true,"href":"https:\/\/agora.xtec.cat\/escola-teresamiquelipamies\/wp-json\/wp\/v2\/tags?post=4326"}],"curies":[{"name":"wp","href":"https:\/\/api.w.org\/{rel}","templated":true}]}}