{"id":4314,"date":"2026-02-25T12:47:52","date_gmt":"2026-02-25T11:47:52","guid":{"rendered":"https:\/\/agora.xtec.cat\/escola-teresamiquelipamies\/?p=4314"},"modified":"2026-02-25T12:47:52","modified_gmt":"2026-02-25T11:47:52","slug":"xerrades-a-5e","status":"publish","type":"post","link":"https:\/\/agora.xtec.cat\/escola-teresamiquelipamies\/portada\/xerrades-a-5e\/","title":{"rendered":"Xerrades a 5\u00e8"},"content":{"rendered":"<p><span style=\"font-weight: 400;\">\ud83d\udee1\ufe0f\ud83d\udc3e Conscienciar per cr\u00e9ixer com a persones<\/span><\/p>\n<p><span style=\"font-weight: 400;\">Aquest trimestre hem tingut una xerrada molt significativa amb els Mossos d\u2019Esquadra \u2013 Internet Segura i una altra amb la Fundaci\u00f3 Patas Arriba, que ens han ajudat a reflexionar sobre dos aspectes clau del nostre dia a dia: l\u2019\u00fas responsable d\u2019Internet i el respecte i la responsabilitat envers els animals.<\/span><\/p>\n<p><span style=\"font-weight: 400;\">L\u2019alumnat ha apr\u00e8s com protegir-se a la xarxa, fer-ne un \u00fas conscient i actuar amb criteri en l\u2019entorn digital \ud83d\udcf2, alhora que ha pres consci\u00e8ncia de la import\u00e0ncia de cuidar, respectar i empatitzar amb els animals, entenent que s\u00f3n \u00e9ssers vius que depenen de les nostres accions \ud83d\udc36\ud83d\udc9b<\/span><\/p>\n<p><span style=\"font-weight: 400;\">Gr\u00e0cies per compartir coneixement, valors i comprom\u00eds, i per ajudar-nos a construir una societat m\u00e9s responsable, respectuosa i emp\u00e0tica.<\/span><\/p>\n<p><a href=\"https:\/\/agora.xtec.cat\/escola-teresamiquelipamies\/wp-content\/uploads\/usu2106\/2026\/02\/collagexerrades5e.jpg\"><img loading=\"lazy\" decoding=\"async\" class=\"aligncenter wp-image-4315 size-full\" src=\"https:\/\/agora.xtec.cat\/escola-teresamiquelipamies\/wp-content\/uploads\/usu2106\/2026\/02\/collagexerrades5e.jpg\" alt=\"\" width=\"1019\" height=\"764\" srcset=\"https:\/\/agora.xtec.cat\/escola-teresamiquelipamies\/wp-content\/uploads\/usu2106\/2026\/02\/collagexerrades5e.jpg 1019w, https:\/\/agora.xtec.cat\/escola-teresamiquelipamies\/wp-content\/uploads\/usu2106\/2026\/02\/collagexerrades5e-300x225.jpg 300w, https:\/\/agora.xtec.cat\/escola-teresamiquelipamies\/wp-content\/uploads\/usu2106\/2026\/02\/collagexerrades5e-768x576.jpg 768w, https:\/\/agora.xtec.cat\/escola-teresamiquelipamies\/wp-content\/uploads\/usu2106\/2026\/02\/collagexerrades5e-200x150.jpg 200w\" sizes=\"auto, (max-width: 1019px) 100vw, 1019px\" \/><\/a><\/p>\n","protected":false},"excerpt":{"rendered":"<p>\ud83d\udee1\ufe0f\ud83d\udc3e Conscienciar per cr\u00e9ixer com a persones<br \/>\nAquest trimestre hem tingut una xerrada molt significativa amb els Mossos d\u2019Esquadra \u2013 Internet Segura i una altra amb la Fundaci\u00f3 Patas Arriba, que ens han ajudat a reflexionar sobre dos aspectes clau del nostre dia a dia: l\u2019\u00fas&hellip;  <a href=\"https:\/\/agora.xtec.cat\/escola-teresamiquelipamies\/portada\/xerrades-a-5e\/\" title=\"Read Xerrades a 5\u00e8\">Llegeix m\u00e9s\u00bb<\/a><\/p>\n","protected":false},"author":1,"featured_media":4315,"comment_status":"open","ping_status":"open","sticky":false,"template":"","format":"standard","meta":{"_bbp_topic_count":0,"_bbp_reply_count":0,"_bbp_total_topic_count":0,"_bbp_total_reply_count":0,"_bbp_voice_count":0,"_bbp_anonymous_reply_count":0,"_bbp_topic_count_hidden":0,"_bbp_reply_count_hidden":0,"_bbp_forum_subforum_count":0,"footnotes":""},"categories":[88,131,4],"tags":[68,134],"class_list":["post-4314","post","type-post","status-publish","format-standard","has-post-thumbnail","hentry","category-5e-comunitat-dels-grans","category-cs","category-portada","tag-5e","tag-cicle-superior"],"post_mailing_queue_ids":[],"_links":{"self":[{"href":"https:\/\/agora.xtec.cat\/escola-teresamiquelipamies\/wp-json\/wp\/v2\/posts\/4314","targetHints":{"allow":["GET"]}}],"collection":[{"href":"https:\/\/agora.xtec.cat\/escola-teresamiquelipamies\/wp-json\/wp\/v2\/posts"}],"about":[{"href":"https:\/\/agora.xtec.cat\/escola-teresamiquelipamies\/wp-json\/wp\/v2\/types\/post"}],"author":[{"embeddable":true,"href":"https:\/\/agora.xtec.cat\/escola-teresamiquelipamies\/wp-json\/wp\/v2\/users\/1"}],"replies":[{"embeddable":true,"href":"https:\/\/agora.xtec.cat\/escola-teresamiquelipamies\/wp-json\/wp\/v2\/comments?post=4314"}],"version-history":[{"count":1,"href":"https:\/\/agora.xtec.cat\/escola-teresamiquelipamies\/wp-json\/wp\/v2\/posts\/4314\/revisions"}],"predecessor-version":[{"id":4316,"href":"https:\/\/agora.xtec.cat\/escola-teresamiquelipamies\/wp-json\/wp\/v2\/posts\/4314\/revisions\/4316"}],"wp:featuredmedia":[{"embeddable":true,"href":"https:\/\/agora.xtec.cat\/escola-teresamiquelipamies\/wp-json\/wp\/v2\/media\/4315"}],"wp:attachment":[{"href":"https:\/\/agora.xtec.cat\/escola-teresamiquelipamies\/wp-json\/wp\/v2\/media?parent=4314"}],"wp:term":[{"taxonomy":"category","embeddable":true,"href":"https:\/\/agora.xtec.cat\/escola-teresamiquelipamies\/wp-json\/wp\/v2\/categories?post=4314"},{"taxonomy":"post_tag","embeddable":true,"href":"https:\/\/agora.xtec.cat\/escola-teresamiquelipamies\/wp-json\/wp\/v2\/tags?post=4314"}],"curies":[{"name":"wp","href":"https:\/\/api.w.org\/{rel}","templated":true}]}}