{"id":4311,"date":"2026-02-25T12:40:09","date_gmt":"2026-02-25T11:40:09","guid":{"rendered":"https:\/\/agora.xtec.cat\/escola-teresamiquelipamies\/?p=4311"},"modified":"2026-02-25T12:40:09","modified_gmt":"2026-02-25T11:40:09","slug":"taller-kapla-5e","status":"publish","type":"post","link":"https:\/\/agora.xtec.cat\/escola-teresamiquelipamies\/portada\/taller-kapla-5e\/","title":{"rendered":"Taller kapla (5\u00e8)"},"content":{"rendered":"<p><span style=\"font-weight: 400;\">Kapla a 5\u00e8!<\/span><\/p>\n<p><span style=\"font-weight: 400;\">Creativitat, concentraci\u00f3 i treball en equip en estat pur \u2728<\/span><\/p>\n<p><span style=\"font-weight: 400;\">A trav\u00e9s de l\u2019activitat Kapla, l\u2019alumnat ha experimentat, constru\u00eft i imaginat sense l\u00edmits, tot desenvolupant la paci\u00e8ncia, la l\u00f2gica i la cooperaci\u00f3 \ud83e\udd1d<\/span><\/p>\n<p><span style=\"font-weight: 400;\">Aprendre jugant tamb\u00e9 \u00e9s aprendre de veritat \ud83d\udc9b<\/span><\/p>\n<p><a href=\"https:\/\/agora.xtec.cat\/escola-teresamiquelipamies\/wp-content\/uploads\/usu2106\/2026\/02\/collagekaplla5cclklkklcklxc.jpg\"><img loading=\"lazy\" decoding=\"async\" class=\"aligncenter wp-image-4312 size-full\" src=\"https:\/\/agora.xtec.cat\/escola-teresamiquelipamies\/wp-content\/uploads\/usu2106\/2026\/02\/collagekaplla5cclklkklcklxc.jpg\" alt=\"\" width=\"1019\" height=\"764\" srcset=\"https:\/\/agora.xtec.cat\/escola-teresamiquelipamies\/wp-content\/uploads\/usu2106\/2026\/02\/collagekaplla5cclklkklcklxc.jpg 1019w, https:\/\/agora.xtec.cat\/escola-teresamiquelipamies\/wp-content\/uploads\/usu2106\/2026\/02\/collagekaplla5cclklkklcklxc-300x225.jpg 300w, https:\/\/agora.xtec.cat\/escola-teresamiquelipamies\/wp-content\/uploads\/usu2106\/2026\/02\/collagekaplla5cclklkklcklxc-768x576.jpg 768w, https:\/\/agora.xtec.cat\/escola-teresamiquelipamies\/wp-content\/uploads\/usu2106\/2026\/02\/collagekaplla5cclklkklcklxc-200x150.jpg 200w\" sizes=\"auto, (max-width: 1019px) 100vw, 1019px\" \/><\/a><\/p>\n","protected":false},"excerpt":{"rendered":"<p>Kapla a 5\u00e8!<br \/>\nCreativitat, concentraci\u00f3 i treball en equip en estat pur \u2728<br \/>\nA trav\u00e9s de l\u2019activitat Kapla, l\u2019alumnat ha experimentat, constru\u00eft i imaginat sense l\u00edmits, tot desenvolupant la paci\u00e8ncia, la l\u00f2gica i la cooperaci\u00f3 \ud83e\udd1d<br \/>\nAprendre jugant tamb\u00e9 \u00e9s aprendre de veritat \ud83d\udc9b<br \/>\n<a href=\"https:\/\/agora.xtec.cat\/escola-teresamiquelipamies\/wp-content\/uploads\/usu2106\/2026\/02\/collagekaplla5cclklkklcklxc.jpg\"><\/a><\/p>\n","protected":false},"author":1,"featured_media":4312,"comment_status":"open","ping_status":"open","sticky":false,"template":"","format":"standard","meta":{"_bbp_topic_count":0,"_bbp_reply_count":0,"_bbp_total_topic_count":0,"_bbp_total_reply_count":0,"_bbp_voice_count":0,"_bbp_anonymous_reply_count":0,"_bbp_topic_count_hidden":0,"_bbp_reply_count_hidden":0,"_bbp_forum_subforum_count":0,"footnotes":""},"categories":[88,131,4],"tags":[68,134],"class_list":["post-4311","post","type-post","status-publish","format-standard","has-post-thumbnail","hentry","category-5e-comunitat-dels-grans","category-cs","category-portada","tag-5e","tag-cicle-superior"],"post_mailing_queue_ids":[],"_links":{"self":[{"href":"https:\/\/agora.xtec.cat\/escola-teresamiquelipamies\/wp-json\/wp\/v2\/posts\/4311","targetHints":{"allow":["GET"]}}],"collection":[{"href":"https:\/\/agora.xtec.cat\/escola-teresamiquelipamies\/wp-json\/wp\/v2\/posts"}],"about":[{"href":"https:\/\/agora.xtec.cat\/escola-teresamiquelipamies\/wp-json\/wp\/v2\/types\/post"}],"author":[{"embeddable":true,"href":"https:\/\/agora.xtec.cat\/escola-teresamiquelipamies\/wp-json\/wp\/v2\/users\/1"}],"replies":[{"embeddable":true,"href":"https:\/\/agora.xtec.cat\/escola-teresamiquelipamies\/wp-json\/wp\/v2\/comments?post=4311"}],"version-history":[{"count":1,"href":"https:\/\/agora.xtec.cat\/escola-teresamiquelipamies\/wp-json\/wp\/v2\/posts\/4311\/revisions"}],"predecessor-version":[{"id":4313,"href":"https:\/\/agora.xtec.cat\/escola-teresamiquelipamies\/wp-json\/wp\/v2\/posts\/4311\/revisions\/4313"}],"wp:featuredmedia":[{"embeddable":true,"href":"https:\/\/agora.xtec.cat\/escola-teresamiquelipamies\/wp-json\/wp\/v2\/media\/4312"}],"wp:attachment":[{"href":"https:\/\/agora.xtec.cat\/escola-teresamiquelipamies\/wp-json\/wp\/v2\/media?parent=4311"}],"wp:term":[{"taxonomy":"category","embeddable":true,"href":"https:\/\/agora.xtec.cat\/escola-teresamiquelipamies\/wp-json\/wp\/v2\/categories?post=4311"},{"taxonomy":"post_tag","embeddable":true,"href":"https:\/\/agora.xtec.cat\/escola-teresamiquelipamies\/wp-json\/wp\/v2\/tags?post=4311"}],"curies":[{"name":"wp","href":"https:\/\/api.w.org\/{rel}","templated":true}]}}