{"id":4226,"date":"2025-05-16T09:18:27","date_gmt":"2025-05-16T07:18:27","guid":{"rendered":"https:\/\/agora.xtec.cat\/escola-teresamiquelipamies\/?p=4226"},"modified":"2025-05-16T09:18:27","modified_gmt":"2025-05-16T07:18:27","slug":"parc-infantil-de-transit-5eb","status":"publish","type":"post","link":"https:\/\/agora.xtec.cat\/escola-teresamiquelipamies\/portada\/parc-infantil-de-transit-5eb\/","title":{"rendered":"Parc infantil de tr\u00e0nsit (5\u00e8B)"},"content":{"rendered":"<p><b>Avui hem viscut una experi\u00e8ncia sobre rodes!<\/b><\/p>\n<p><span style=\"font-weight: 400;\">L&#8217;alumnat de 5\u00e8B ha gaudit d&#8217;una sortida al Parc Infantil de Tr\u00e0nsit i Educaci\u00f3 Vi\u00e0ria, on han apr\u00e8s de manera pr\u00e0ctica i divertida les normes b\u00e0siques de circulaci\u00f3.<\/span><\/p>\n<p><span style=\"font-weight: 400;\">Amb bicicletes, han posat en pr\u00e0ctica tot el que saben sobre sem\u00e0fors, senyals i comportaments responsables tant com a vianants com a conductors. Una activitat educativa que fomenta la seguretat, el respecte i la conviv\u00e8ncia a la via p\u00fablica.<\/span><\/p>\n<p><b>Educar per una mobilitat segura comen\u00e7a des de petits!<\/b><\/p>\n<p><a href=\"https:\/\/agora.xtec.cat\/escola-teresamiquelipamies\/wp-content\/uploads\/usu2106\/2025\/05\/collagepartransit5b-Copy.jpg\"><img loading=\"lazy\" decoding=\"async\" class=\"aligncenter wp-image-4227 size-full\" src=\"https:\/\/agora.xtec.cat\/escola-teresamiquelipamies\/wp-content\/uploads\/usu2106\/2025\/05\/collagepartransit5b-Copy.jpg\" alt=\"\" width=\"836\" height=\"627\" srcset=\"https:\/\/agora.xtec.cat\/escola-teresamiquelipamies\/wp-content\/uploads\/usu2106\/2025\/05\/collagepartransit5b-Copy.jpg 836w, https:\/\/agora.xtec.cat\/escola-teresamiquelipamies\/wp-content\/uploads\/usu2106\/2025\/05\/collagepartransit5b-Copy-300x225.jpg 300w, https:\/\/agora.xtec.cat\/escola-teresamiquelipamies\/wp-content\/uploads\/usu2106\/2025\/05\/collagepartransit5b-Copy-768x576.jpg 768w, https:\/\/agora.xtec.cat\/escola-teresamiquelipamies\/wp-content\/uploads\/usu2106\/2025\/05\/collagepartransit5b-Copy-200x150.jpg 200w\" sizes=\"auto, (max-width: 836px) 100vw, 836px\" \/><\/a><\/p>\n","protected":false},"excerpt":{"rendered":"<p>Avui hem viscut una experi\u00e8ncia sobre rodes!<br \/>\nL&#8217;alumnat de 5\u00e8B ha gaudit d&#8217;una sortida al Parc Infantil de Tr\u00e0nsit i Educaci\u00f3 Vi\u00e0ria, on han apr\u00e8s de manera pr\u00e0ctica i divertida les normes b\u00e0siques de circulaci\u00f3.<br \/>\nAmb bicicletes, han posat en pr\u00e0ctica tot el que saben sobre sem\u00e0fors,&hellip;  <a href=\"https:\/\/agora.xtec.cat\/escola-teresamiquelipamies\/portada\/parc-infantil-de-transit-5eb\/\" title=\"Read Parc infantil de tr\u00e0nsit (5\u00e8B)\">Llegeix m\u00e9s\u00bb<\/a><\/p>\n","protected":false},"author":1,"featured_media":4227,"comment_status":"open","ping_status":"closed","sticky":false,"template":"","format":"standard","meta":{"_bbp_topic_count":0,"_bbp_reply_count":0,"_bbp_total_topic_count":0,"_bbp_total_reply_count":0,"_bbp_voice_count":0,"_bbp_anonymous_reply_count":0,"_bbp_topic_count_hidden":0,"_bbp_reply_count_hidden":0,"_bbp_forum_subforum_count":0,"footnotes":""},"categories":[88,131,4],"tags":[68,134],"class_list":["post-4226","post","type-post","status-publish","format-standard","has-post-thumbnail","hentry","category-5e-comunitat-dels-grans","category-cs","category-portada","tag-5e","tag-cicle-superior"],"post_mailing_queue_ids":[],"_links":{"self":[{"href":"https:\/\/agora.xtec.cat\/escola-teresamiquelipamies\/wp-json\/wp\/v2\/posts\/4226","targetHints":{"allow":["GET"]}}],"collection":[{"href":"https:\/\/agora.xtec.cat\/escola-teresamiquelipamies\/wp-json\/wp\/v2\/posts"}],"about":[{"href":"https:\/\/agora.xtec.cat\/escola-teresamiquelipamies\/wp-json\/wp\/v2\/types\/post"}],"author":[{"embeddable":true,"href":"https:\/\/agora.xtec.cat\/escola-teresamiquelipamies\/wp-json\/wp\/v2\/users\/1"}],"replies":[{"embeddable":true,"href":"https:\/\/agora.xtec.cat\/escola-teresamiquelipamies\/wp-json\/wp\/v2\/comments?post=4226"}],"version-history":[{"count":1,"href":"https:\/\/agora.xtec.cat\/escola-teresamiquelipamies\/wp-json\/wp\/v2\/posts\/4226\/revisions"}],"predecessor-version":[{"id":4228,"href":"https:\/\/agora.xtec.cat\/escola-teresamiquelipamies\/wp-json\/wp\/v2\/posts\/4226\/revisions\/4228"}],"wp:featuredmedia":[{"embeddable":true,"href":"https:\/\/agora.xtec.cat\/escola-teresamiquelipamies\/wp-json\/wp\/v2\/media\/4227"}],"wp:attachment":[{"href":"https:\/\/agora.xtec.cat\/escola-teresamiquelipamies\/wp-json\/wp\/v2\/media?parent=4226"}],"wp:term":[{"taxonomy":"category","embeddable":true,"href":"https:\/\/agora.xtec.cat\/escola-teresamiquelipamies\/wp-json\/wp\/v2\/categories?post=4226"},{"taxonomy":"post_tag","embeddable":true,"href":"https:\/\/agora.xtec.cat\/escola-teresamiquelipamies\/wp-json\/wp\/v2\/tags?post=4226"}],"curies":[{"name":"wp","href":"https:\/\/api.w.org\/{rel}","templated":true}]}}