{"id":4195,"date":"2025-04-22T15:26:37","date_gmt":"2025-04-22T13:26:37","guid":{"rendered":"https:\/\/agora.xtec.cat\/escola-teresamiquelipamies\/?p=4195"},"modified":"2025-04-22T15:26:37","modified_gmt":"2025-04-22T13:26:37","slug":"setmana-matematica-i-experimental-5e-c","status":"publish","type":"post","link":"https:\/\/agora.xtec.cat\/escola-teresamiquelipamies\/portada\/setmana-matematica-i-experimental-5e-c\/","title":{"rendered":"Setmana Matem\u00e0tica i Experimental (5\u00e8 C)"},"content":{"rendered":"<p><b>L&#8217;alumnat de 5\u00e8 C participa a la Setmana Matem\u00e0tica i Experimental<\/b><\/p>\n<p>&nbsp;<\/p>\n<p><span style=\"font-weight: 400;\">L\u2019alumnat de 5\u00e8 C ha participat activament a la <\/span><b>Setmana Matem\u00e0tica i Experimental<\/b><span style=\"font-weight: 400;\"> de l\u2019escola, exposant els experiments realitzats dins el <\/span><b>projecte Eureka<\/b><span style=\"font-weight: 400;\">, que hem anat desenvolupant al llarg de tot el curs escolar.<\/span><\/p>\n<p><span style=\"font-weight: 400;\">Cada grup ha elaborat una <\/span><b>presentaci\u00f3 amb Canva<\/b><span style=\"font-weight: 400;\"> per explicar amb detall tot el proc\u00e9s cient\u00edfic seguit: la <\/span><b>hip\u00f2tesi de partida<\/b><span style=\"font-weight: 400;\">, la <\/span><b>justificaci\u00f3 de l\u2019experiment<\/b><span style=\"font-weight: 400;\">, el <\/span><b>material utilitzat<\/b><span style=\"font-weight: 400;\">, els <\/span><b>passos a seguir<\/b><span style=\"font-weight: 400;\"> i les <\/span><b>conclusions<\/b><span style=\"font-weight: 400;\"> obtingudes. Aquestes presentacions han perm\u00e8s comunicar els aprenentatges de manera molt <\/span><b>visual i entenedora<\/b><span style=\"font-weight: 400;\">.<\/span><\/p>\n<p><span style=\"font-weight: 400;\">Les fam\u00edlies que han assistit a les exposicions s\u2019han mostrat molt impressionades amb la qualitat de la feina i la claredat en les explicacions, i han felicitat els alumnes per la seva gran tasca.<\/span><\/p>\n<p><span style=\"font-weight: 400;\">Des de l\u2019escola agra\u00efm sincerament a totes les fam\u00edlies la seva pres\u00e8ncia i suport. Ha estat una jornada enriquidora que ens anima a continuar aprenent a trav\u00e9s de l\u2019experimentaci\u00f3 i la comunicaci\u00f3.<\/span><\/p>\n<p><a href=\"https:\/\/agora.xtec.cat\/escola-teresamiquelipamies\/wp-content\/uploads\/usu2106\/2025\/04\/collagesetexperimatem5c-Copy.jpg\"><img loading=\"lazy\" decoding=\"async\" class=\"aligncenter wp-image-4196 size-full\" src=\"https:\/\/agora.xtec.cat\/escola-teresamiquelipamies\/wp-content\/uploads\/usu2106\/2025\/04\/collagesetexperimatem5c-Copy.jpg\" alt=\"\" width=\"836\" height=\"627\" srcset=\"https:\/\/agora.xtec.cat\/escola-teresamiquelipamies\/wp-content\/uploads\/usu2106\/2025\/04\/collagesetexperimatem5c-Copy.jpg 836w, https:\/\/agora.xtec.cat\/escola-teresamiquelipamies\/wp-content\/uploads\/usu2106\/2025\/04\/collagesetexperimatem5c-Copy-300x225.jpg 300w, https:\/\/agora.xtec.cat\/escola-teresamiquelipamies\/wp-content\/uploads\/usu2106\/2025\/04\/collagesetexperimatem5c-Copy-768x576.jpg 768w, https:\/\/agora.xtec.cat\/escola-teresamiquelipamies\/wp-content\/uploads\/usu2106\/2025\/04\/collagesetexperimatem5c-Copy-200x150.jpg 200w\" sizes=\"auto, (max-width: 836px) 100vw, 836px\" \/><\/a><\/p>\n","protected":false},"excerpt":{"rendered":"<p>L&#8217;alumnat de 5\u00e8 C participa a la Setmana Matem\u00e0tica i Experimental<br \/>\n&nbsp;<br \/>\nL\u2019alumnat de 5\u00e8 C ha participat activament a la Setmana Matem\u00e0tica i Experimental de l\u2019escola, exposant els experiments realitzats dins el projecte Eureka, que hem anat desenvolupant al llarg de tot el curs escolar.<br \/>\nCada grup&hellip;  <a href=\"https:\/\/agora.xtec.cat\/escola-teresamiquelipamies\/portada\/setmana-matematica-i-experimental-5e-c\/\" title=\"Read Setmana Matem\u00e0tica i Experimental (5\u00e8 C)\">Llegeix m\u00e9s\u00bb<\/a><\/p>\n","protected":false},"author":1,"featured_media":4196,"comment_status":"open","ping_status":"closed","sticky":false,"template":"","format":"standard","meta":{"_bbp_topic_count":0,"_bbp_reply_count":0,"_bbp_total_topic_count":0,"_bbp_total_reply_count":0,"_bbp_voice_count":0,"_bbp_anonymous_reply_count":0,"_bbp_topic_count_hidden":0,"_bbp_reply_count_hidden":0,"_bbp_forum_subforum_count":0,"footnotes":""},"categories":[88,131,73,4],"tags":[68,134,70],"class_list":["post-4195","post","type-post","status-publish","format-standard","has-post-thumbnail","hentry","category-5e-comunitat-dels-grans","category-cs","category-eureka","category-portada","tag-5e","tag-cicle-superior","tag-n"],"post_mailing_queue_ids":[],"_links":{"self":[{"href":"https:\/\/agora.xtec.cat\/escola-teresamiquelipamies\/wp-json\/wp\/v2\/posts\/4195","targetHints":{"allow":["GET"]}}],"collection":[{"href":"https:\/\/agora.xtec.cat\/escola-teresamiquelipamies\/wp-json\/wp\/v2\/posts"}],"about":[{"href":"https:\/\/agora.xtec.cat\/escola-teresamiquelipamies\/wp-json\/wp\/v2\/types\/post"}],"author":[{"embeddable":true,"href":"https:\/\/agora.xtec.cat\/escola-teresamiquelipamies\/wp-json\/wp\/v2\/users\/1"}],"replies":[{"embeddable":true,"href":"https:\/\/agora.xtec.cat\/escola-teresamiquelipamies\/wp-json\/wp\/v2\/comments?post=4195"}],"version-history":[{"count":1,"href":"https:\/\/agora.xtec.cat\/escola-teresamiquelipamies\/wp-json\/wp\/v2\/posts\/4195\/revisions"}],"predecessor-version":[{"id":4197,"href":"https:\/\/agora.xtec.cat\/escola-teresamiquelipamies\/wp-json\/wp\/v2\/posts\/4195\/revisions\/4197"}],"wp:featuredmedia":[{"embeddable":true,"href":"https:\/\/agora.xtec.cat\/escola-teresamiquelipamies\/wp-json\/wp\/v2\/media\/4196"}],"wp:attachment":[{"href":"https:\/\/agora.xtec.cat\/escola-teresamiquelipamies\/wp-json\/wp\/v2\/media?parent=4195"}],"wp:term":[{"taxonomy":"category","embeddable":true,"href":"https:\/\/agora.xtec.cat\/escola-teresamiquelipamies\/wp-json\/wp\/v2\/categories?post=4195"},{"taxonomy":"post_tag","embeddable":true,"href":"https:\/\/agora.xtec.cat\/escola-teresamiquelipamies\/wp-json\/wp\/v2\/tags?post=4195"}],"curies":[{"name":"wp","href":"https:\/\/api.w.org\/{rel}","templated":true}]}}