{"id":4192,"date":"2025-04-22T15:20:05","date_gmt":"2025-04-22T13:20:05","guid":{"rendered":"https:\/\/agora.xtec.cat\/escola-teresamiquelipamies\/?p=4192"},"modified":"2025-04-22T15:20:05","modified_gmt":"2025-04-22T13:20:05","slug":"preparacio-de-la-mona-cs","status":"publish","type":"post","link":"https:\/\/agora.xtec.cat\/escola-teresamiquelipamies\/portada\/preparacio-de-la-mona-cs\/","title":{"rendered":"Preparaci\u00f3 de la Mona CS"},"content":{"rendered":"<p><b>Avui hem fet les mones a cicle superior!<\/b><\/p>\n<p><span style=\"font-weight: 400;\">Aquest mat\u00ed ha estat molt especial perqu\u00e8 tot el cicle superior ens hem posat mans a la massa per fer les nostres pr\u00f2pies mones de Pasqua. Primer de tot, hem preparat els ingredients i ens hem organitzat en grups per treballar millor.\u00a0<\/span><\/p>\n<p><span style=\"font-weight: 400;\">Ens ho hem passat molt b\u00e9 col\u00b7laborant, compartint idees i deixant volar la imaginaci\u00f3 per fer unes mones ben originals. A m\u00e9s, l\u2019ambient a l\u2019aula feia molt de goig, ple de colors i rialles.\u00a0<\/span><\/p>\n<p><span style=\"font-weight: 400;\">Ha estat una activitat molt divertida i dol\u00e7a per celebrar la Pasqua tots plegats!<\/span><\/p>\n<p><a href=\"https:\/\/agora.xtec.cat\/escola-teresamiquelipamies\/wp-content\/uploads\/usu2106\/2025\/04\/collagemona5-Copy.jpg\"><img loading=\"lazy\" decoding=\"async\" class=\"aligncenter wp-image-4193 size-full\" src=\"https:\/\/agora.xtec.cat\/escola-teresamiquelipamies\/wp-content\/uploads\/usu2106\/2025\/04\/collagemona5-Copy.jpg\" alt=\"\" width=\"836\" height=\"627\" srcset=\"https:\/\/agora.xtec.cat\/escola-teresamiquelipamies\/wp-content\/uploads\/usu2106\/2025\/04\/collagemona5-Copy.jpg 836w, https:\/\/agora.xtec.cat\/escola-teresamiquelipamies\/wp-content\/uploads\/usu2106\/2025\/04\/collagemona5-Copy-300x225.jpg 300w, https:\/\/agora.xtec.cat\/escola-teresamiquelipamies\/wp-content\/uploads\/usu2106\/2025\/04\/collagemona5-Copy-768x576.jpg 768w, https:\/\/agora.xtec.cat\/escola-teresamiquelipamies\/wp-content\/uploads\/usu2106\/2025\/04\/collagemona5-Copy-200x150.jpg 200w\" sizes=\"auto, (max-width: 836px) 100vw, 836px\" \/><\/a><\/p>\n","protected":false},"excerpt":{"rendered":"<p>Avui hem fet les mones a cicle superior!<br \/>\nAquest mat\u00ed ha estat molt especial perqu\u00e8 tot el cicle superior ens hem posat mans a la massa per fer les nostres pr\u00f2pies mones de Pasqua. Primer de tot, hem preparat els ingredients i ens hem organitzat en&hellip;  <a href=\"https:\/\/agora.xtec.cat\/escola-teresamiquelipamies\/portada\/preparacio-de-la-mona-cs\/\" title=\"Read Preparaci\u00f3 de la Mona CS\">Llegeix m\u00e9s\u00bb<\/a><\/p>\n","protected":false},"author":1,"featured_media":4193,"comment_status":"open","ping_status":"closed","sticky":false,"template":"","format":"standard","meta":{"_bbp_topic_count":0,"_bbp_reply_count":0,"_bbp_total_topic_count":0,"_bbp_total_reply_count":0,"_bbp_voice_count":0,"_bbp_anonymous_reply_count":0,"_bbp_topic_count_hidden":0,"_bbp_reply_count_hidden":0,"_bbp_forum_subforum_count":0,"footnotes":""},"categories":[88,131,4],"tags":[68,134],"class_list":["post-4192","post","type-post","status-publish","format-standard","has-post-thumbnail","hentry","category-5e-comunitat-dels-grans","category-cs","category-portada","tag-5e","tag-cicle-superior"],"post_mailing_queue_ids":[],"_links":{"self":[{"href":"https:\/\/agora.xtec.cat\/escola-teresamiquelipamies\/wp-json\/wp\/v2\/posts\/4192","targetHints":{"allow":["GET"]}}],"collection":[{"href":"https:\/\/agora.xtec.cat\/escola-teresamiquelipamies\/wp-json\/wp\/v2\/posts"}],"about":[{"href":"https:\/\/agora.xtec.cat\/escola-teresamiquelipamies\/wp-json\/wp\/v2\/types\/post"}],"author":[{"embeddable":true,"href":"https:\/\/agora.xtec.cat\/escola-teresamiquelipamies\/wp-json\/wp\/v2\/users\/1"}],"replies":[{"embeddable":true,"href":"https:\/\/agora.xtec.cat\/escola-teresamiquelipamies\/wp-json\/wp\/v2\/comments?post=4192"}],"version-history":[{"count":1,"href":"https:\/\/agora.xtec.cat\/escola-teresamiquelipamies\/wp-json\/wp\/v2\/posts\/4192\/revisions"}],"predecessor-version":[{"id":4194,"href":"https:\/\/agora.xtec.cat\/escola-teresamiquelipamies\/wp-json\/wp\/v2\/posts\/4192\/revisions\/4194"}],"wp:featuredmedia":[{"embeddable":true,"href":"https:\/\/agora.xtec.cat\/escola-teresamiquelipamies\/wp-json\/wp\/v2\/media\/4193"}],"wp:attachment":[{"href":"https:\/\/agora.xtec.cat\/escola-teresamiquelipamies\/wp-json\/wp\/v2\/media?parent=4192"}],"wp:term":[{"taxonomy":"category","embeddable":true,"href":"https:\/\/agora.xtec.cat\/escola-teresamiquelipamies\/wp-json\/wp\/v2\/categories?post=4192"},{"taxonomy":"post_tag","embeddable":true,"href":"https:\/\/agora.xtec.cat\/escola-teresamiquelipamies\/wp-json\/wp\/v2\/tags?post=4192"}],"curies":[{"name":"wp","href":"https:\/\/api.w.org\/{rel}","templated":true}]}}