{"id":4138,"date":"2025-02-13T14:56:31","date_gmt":"2025-02-13T13:56:31","guid":{"rendered":"https:\/\/agora.xtec.cat\/escola-teresamiquelipamies\/?p=4138"},"modified":"2025-02-13T14:56:31","modified_gmt":"2025-02-13T13:56:31","slug":"dia-de-la-nena-cientifica","status":"publish","type":"post","link":"https:\/\/agora.xtec.cat\/escola-teresamiquelipamies\/infantil\/dia-de-la-nena-cientifica\/","title":{"rendered":"Dia de la Nena Cient\u00edfica!"},"content":{"rendered":"<p><b>Avui hem celebrat el Dia de la Nena Cient\u00edfica!<\/b><\/p>\n<p><span style=\"font-weight: 400;\">Ha estat una jornada molt especial dedicada a fomentar la vocaci\u00f3 cient\u00edfica entre les nenes i a destacar el paper fonamental de les dones en la ci\u00e8ncia. Al llarg del dia, hem gaudit de diverses activitats.<\/span><\/p>\n<p><span style=\"font-weight: 400;\">Amb aquesta celebraci\u00f3, hem volgut motivar les futures generacions perqu\u00e8 es vegin a elles mateixes com a cient\u00edfiques, enginyeres i inventores, trencant barreres i estereotips de g\u00e8nere. Ha estat una experi\u00e8ncia enriquidora per a tothom, plena d\u2019aprenentatge i inspiraci\u00f3!<\/span><\/p>\n<p><span style=\"font-weight: 400;\">#DiaDeLaNenaCient\u00edfica #DonesEnLaCi\u00e8ncia #FomentantElTalent<\/span><\/p>\n<p><a href=\"https:\/\/agora.xtec.cat\/escola-teresamiquelipamies\/wp-content\/uploads\/usu2106\/2025\/02\/IMG_7602-Copy.jpg\"><img loading=\"lazy\" decoding=\"async\" class=\"aligncenter wp-image-4139 size-full\" src=\"https:\/\/agora.xtec.cat\/escola-teresamiquelipamies\/wp-content\/uploads\/usu2106\/2025\/02\/IMG_7602-Copy.jpg\" alt=\"\" width=\"470\" height=\"627\" srcset=\"https:\/\/agora.xtec.cat\/escola-teresamiquelipamies\/wp-content\/uploads\/usu2106\/2025\/02\/IMG_7602-Copy.jpg 470w, https:\/\/agora.xtec.cat\/escola-teresamiquelipamies\/wp-content\/uploads\/usu2106\/2025\/02\/IMG_7602-Copy-225x300.jpg 225w\" sizes=\"auto, (max-width: 470px) 100vw, 470px\" \/><\/a><\/p>\n","protected":false},"excerpt":{"rendered":"<p>Avui hem celebrat el Dia de la Nena Cient\u00edfica!<br \/>\nHa estat una jornada molt especial dedicada a fomentar la vocaci\u00f3 cient\u00edfica entre les nenes i a destacar el paper fonamental de les dones en la ci\u00e8ncia. Al llarg del dia, hem gaudit de diverses activitats.<br \/>\nAmb aquesta&hellip;  <a href=\"https:\/\/agora.xtec.cat\/escola-teresamiquelipamies\/infantil\/dia-de-la-nena-cientifica\/\" title=\"Read Dia de la Nena Cient\u00edfica!\">Llegeix m\u00e9s\u00bb<\/a><\/p>\n","protected":false},"author":1,"featured_media":4139,"comment_status":"open","ping_status":"closed","sticky":false,"template":"","format":"standard","meta":{"_bbp_topic_count":0,"_bbp_reply_count":0,"_bbp_total_topic_count":0,"_bbp_total_reply_count":0,"_bbp_voice_count":0,"_bbp_anonymous_reply_count":0,"_bbp_topic_count_hidden":0,"_bbp_reply_count_hidden":0,"_bbp_forum_subforum_count":0,"footnotes":""},"categories":[129,130,131,2,4],"tags":[132,133,134,115],"class_list":["post-4138","post","type-post","status-publish","format-standard","has-post-thumbnail","hentry","category-ci","category-cm","category-cs","category-infantil","category-portada","tag-cicle-inicial","tag-cicle-mitja","tag-cicle-superior","tag-infantil"],"post_mailing_queue_ids":[],"_links":{"self":[{"href":"https:\/\/agora.xtec.cat\/escola-teresamiquelipamies\/wp-json\/wp\/v2\/posts\/4138","targetHints":{"allow":["GET"]}}],"collection":[{"href":"https:\/\/agora.xtec.cat\/escola-teresamiquelipamies\/wp-json\/wp\/v2\/posts"}],"about":[{"href":"https:\/\/agora.xtec.cat\/escola-teresamiquelipamies\/wp-json\/wp\/v2\/types\/post"}],"author":[{"embeddable":true,"href":"https:\/\/agora.xtec.cat\/escola-teresamiquelipamies\/wp-json\/wp\/v2\/users\/1"}],"replies":[{"embeddable":true,"href":"https:\/\/agora.xtec.cat\/escola-teresamiquelipamies\/wp-json\/wp\/v2\/comments?post=4138"}],"version-history":[{"count":1,"href":"https:\/\/agora.xtec.cat\/escola-teresamiquelipamies\/wp-json\/wp\/v2\/posts\/4138\/revisions"}],"predecessor-version":[{"id":4140,"href":"https:\/\/agora.xtec.cat\/escola-teresamiquelipamies\/wp-json\/wp\/v2\/posts\/4138\/revisions\/4140"}],"wp:featuredmedia":[{"embeddable":true,"href":"https:\/\/agora.xtec.cat\/escola-teresamiquelipamies\/wp-json\/wp\/v2\/media\/4139"}],"wp:attachment":[{"href":"https:\/\/agora.xtec.cat\/escola-teresamiquelipamies\/wp-json\/wp\/v2\/media?parent=4138"}],"wp:term":[{"taxonomy":"category","embeddable":true,"href":"https:\/\/agora.xtec.cat\/escola-teresamiquelipamies\/wp-json\/wp\/v2\/categories?post=4138"},{"taxonomy":"post_tag","embeddable":true,"href":"https:\/\/agora.xtec.cat\/escola-teresamiquelipamies\/wp-json\/wp\/v2\/tags?post=4138"}],"curies":[{"name":"wp","href":"https:\/\/api.w.org\/{rel}","templated":true}]}}