{"id":4067,"date":"2024-11-22T09:10:11","date_gmt":"2024-11-22T08:10:11","guid":{"rendered":"https:\/\/agora.xtec.cat\/escola-teresamiquelipamies\/?p=4067"},"modified":"2024-11-22T10:49:54","modified_gmt":"2024-11-22T09:49:54","slug":"santa-cecilia","status":"publish","type":"post","link":"https:\/\/agora.xtec.cat\/escola-teresamiquelipamies\/portada\/santa-cecilia\/","title":{"rendered":"Santa Cec\u00edlia"},"content":{"rendered":"<p>Com cada any hem celebrat el dia de Santa Cec\u00edlia (patrona de la m\u00fasica) amb el concert que l&#8217;alumnat de 3r, 4t, 5\u00e8 i 6\u00e8 ha fet al gimn\u00e0s de l&#8217;escola el dimecres 20 i el dijous 21 de novembre. Han interpretat les seg\u00fcents can\u00e7ons:<\/p>\n<p>3r:\u00a0 La pulga saltarina ( Ukelele)<br \/>\n4t: &#8211; M\u2019agrada l\u2019uke ( Ukelele)<br \/>\n&#8211; Ja ha arribat la tardor ( veu )<br \/>\n5\u00e8: &#8211; Stand by me (Ukelele;xil\u00f2fons;baix;percussi\u00f3;guitarra;piano)<br \/>\n&#8211; Remor ( piano i veu )<br \/>\n6\u00e8: &#8211; Feels like falling in love ( ukelele;xil\u00f2fons;percussi\u00f3;piano)<br \/>\n&#8211; Estic xocat ( veu )<br \/>\n&#8211; Money, money ( veu )<br \/>\nEn acabar els concerts, s&#8217;ha fet el concurs musical, entregant un premi al guanyador de cadascun dels cicles.<\/p>\n<p><a href=\"https:\/\/agora.xtec.cat\/escola-teresamiquelipamies\/wp-content\/uploads\/usu2106\/2024\/11\/collagesnatcecilia2024-Copy.jpg\"><img loading=\"lazy\" decoding=\"async\" class=\"aligncenter wp-image-4068 size-full\" src=\"https:\/\/agora.xtec.cat\/escola-teresamiquelipamies\/wp-content\/uploads\/usu2106\/2024\/11\/collagesnatcecilia2024-Copy.jpg\" alt=\"\" width=\"836\" height=\"627\" srcset=\"https:\/\/agora.xtec.cat\/escola-teresamiquelipamies\/wp-content\/uploads\/usu2106\/2024\/11\/collagesnatcecilia2024-Copy.jpg 836w, https:\/\/agora.xtec.cat\/escola-teresamiquelipamies\/wp-content\/uploads\/usu2106\/2024\/11\/collagesnatcecilia2024-Copy-300x225.jpg 300w, https:\/\/agora.xtec.cat\/escola-teresamiquelipamies\/wp-content\/uploads\/usu2106\/2024\/11\/collagesnatcecilia2024-Copy-768x576.jpg 768w, https:\/\/agora.xtec.cat\/escola-teresamiquelipamies\/wp-content\/uploads\/usu2106\/2024\/11\/collagesnatcecilia2024-Copy-200x150.jpg 200w\" sizes=\"auto, (max-width: 836px) 100vw, 836px\" \/><\/a><\/p>\n","protected":false},"excerpt":{"rendered":"<p>Com cada any hem celebrat el dia de Santa Cec\u00edlia (patrona de la m\u00fasica) amb el concert que l&#8217;alumnat de 3r, 4t, 5\u00e8 i 6\u00e8 ha fet al gimn\u00e0s de l&#8217;escola el dimecres 20 i el dijous 21 de novembre. Han interpretat les seg\u00fcents can\u00e7ons:<br \/>\n3r:\u00a0&hellip;  <a href=\"https:\/\/agora.xtec.cat\/escola-teresamiquelipamies\/portada\/santa-cecilia\/\" title=\"Read Santa Cec\u00edlia\">Llegeix m\u00e9s\u00bb<\/a><\/p>\n","protected":false},"author":1,"featured_media":4068,"comment_status":"open","ping_status":"closed","sticky":false,"template":"","format":"standard","meta":{"_bbp_topic_count":0,"_bbp_reply_count":0,"_bbp_total_topic_count":0,"_bbp_total_reply_count":0,"_bbp_voice_count":0,"_bbp_anonymous_reply_count":0,"_bbp_topic_count_hidden":0,"_bbp_reply_count_hidden":0,"_bbp_forum_subforum_count":0,"footnotes":""},"categories":[99,4,98],"tags":[109,108],"class_list":["post-4067","post","type-post","status-publish","format-standard","has-post-thumbnail","hentry","category-musica","category-portada","category-santa-cecilia","tag-musica","tag-santa-cecilia"],"post_mailing_queue_ids":[],"_links":{"self":[{"href":"https:\/\/agora.xtec.cat\/escola-teresamiquelipamies\/wp-json\/wp\/v2\/posts\/4067","targetHints":{"allow":["GET"]}}],"collection":[{"href":"https:\/\/agora.xtec.cat\/escola-teresamiquelipamies\/wp-json\/wp\/v2\/posts"}],"about":[{"href":"https:\/\/agora.xtec.cat\/escola-teresamiquelipamies\/wp-json\/wp\/v2\/types\/post"}],"author":[{"embeddable":true,"href":"https:\/\/agora.xtec.cat\/escola-teresamiquelipamies\/wp-json\/wp\/v2\/users\/1"}],"replies":[{"embeddable":true,"href":"https:\/\/agora.xtec.cat\/escola-teresamiquelipamies\/wp-json\/wp\/v2\/comments?post=4067"}],"version-history":[{"count":1,"href":"https:\/\/agora.xtec.cat\/escola-teresamiquelipamies\/wp-json\/wp\/v2\/posts\/4067\/revisions"}],"predecessor-version":[{"id":4070,"href":"https:\/\/agora.xtec.cat\/escola-teresamiquelipamies\/wp-json\/wp\/v2\/posts\/4067\/revisions\/4070"}],"wp:featuredmedia":[{"embeddable":true,"href":"https:\/\/agora.xtec.cat\/escola-teresamiquelipamies\/wp-json\/wp\/v2\/media\/4068"}],"wp:attachment":[{"href":"https:\/\/agora.xtec.cat\/escola-teresamiquelipamies\/wp-json\/wp\/v2\/media?parent=4067"}],"wp:term":[{"taxonomy":"category","embeddable":true,"href":"https:\/\/agora.xtec.cat\/escola-teresamiquelipamies\/wp-json\/wp\/v2\/categories?post=4067"},{"taxonomy":"post_tag","embeddable":true,"href":"https:\/\/agora.xtec.cat\/escola-teresamiquelipamies\/wp-json\/wp\/v2\/tags?post=4067"}],"curies":[{"name":"wp","href":"https:\/\/api.w.org\/{rel}","templated":true}]}}