{"id":4057,"date":"2024-10-28T15:50:40","date_gmt":"2024-10-28T14:50:40","guid":{"rendered":"https:\/\/agora.xtec.cat\/escola-teresamiquelipamies\/?p=4057"},"modified":"2024-10-28T15:50:40","modified_gmt":"2024-10-28T14:50:40","slug":"concurs-de-microcontes-terrorifics","status":"publish","type":"post","link":"https:\/\/agora.xtec.cat\/escola-teresamiquelipamies\/portada\/concurs-de-microcontes-terrorifics\/","title":{"rendered":"Concurs de microcontes terror\u00edfics!"},"content":{"rendered":"<p><span style=\"font-weight: 400;\">Per tal de practicar l&#8217;expressi\u00f3 escrita i crear textos d&#8217;unes 100 paraules per a les compet\u00e8ncies b\u00e0siques els alumnes de sis\u00e8 van participar en un concurs de classe de microcontes terror\u00edfics.<\/span><\/p>\n<p><span style=\"font-weight: 400;\">Tots els microcontes eren ben xulos i ha estat complicat escollir-ne un &#8230;.<\/span><\/p>\n<p><span style=\"font-weight: 400;\">La guanyadora d&#8217;aquest any \u00e9s Eva Gurban pel seu conte &#8220;Un m\u00f3n terror\u00edfic!&#8221;.<\/span><\/p>\n<p><span style=\"font-weight: 400;\">Gr\u00e0cies Eva<\/span><\/p>\n<p><a href=\"https:\/\/agora.xtec.cat\/escola-teresamiquelipamies\/wp-content\/uploads\/usu2106\/2024\/10\/Eva-Gurban_page-0001-Copy.jpg\"><img loading=\"lazy\" decoding=\"async\" class=\"aligncenter wp-image-4058 size-full\" src=\"https:\/\/agora.xtec.cat\/escola-teresamiquelipamies\/wp-content\/uploads\/usu2106\/2024\/10\/Eva-Gurban_page-0001-Copy.jpg\" alt=\"\" width=\"836\" height=\"470\" srcset=\"https:\/\/agora.xtec.cat\/escola-teresamiquelipamies\/wp-content\/uploads\/usu2106\/2024\/10\/Eva-Gurban_page-0001-Copy.jpg 836w, https:\/\/agora.xtec.cat\/escola-teresamiquelipamies\/wp-content\/uploads\/usu2106\/2024\/10\/Eva-Gurban_page-0001-Copy-300x169.jpg 300w, https:\/\/agora.xtec.cat\/escola-teresamiquelipamies\/wp-content\/uploads\/usu2106\/2024\/10\/Eva-Gurban_page-0001-Copy-768x432.jpg 768w\" sizes=\"auto, (max-width: 836px) 100vw, 836px\" \/><\/a><\/p>\n","protected":false},"excerpt":{"rendered":"<p>Per tal de practicar l&#8217;expressi\u00f3 escrita i crear textos d&#8217;unes 100 paraules per a les compet\u00e8ncies b\u00e0siques els alumnes de sis\u00e8 van participar en un concurs de classe de microcontes terror\u00edfics.<br \/>\nTots els microcontes eren ben xulos i ha estat complicat escollir-ne un &#8230;.<br \/>\nLa guanyadora d&#8217;aquest&hellip;  <a href=\"https:\/\/agora.xtec.cat\/escola-teresamiquelipamies\/portada\/concurs-de-microcontes-terrorifics\/\" title=\"Read Concurs de microcontes terror\u00edfics!\">Llegeix m\u00e9s\u00bb<\/a><\/p>\n","protected":false},"author":1,"featured_media":4058,"comment_status":"open","ping_status":"closed","sticky":false,"template":"","format":"standard","meta":{"_bbp_topic_count":0,"_bbp_reply_count":0,"_bbp_total_topic_count":0,"_bbp_total_reply_count":0,"_bbp_voice_count":0,"_bbp_anonymous_reply_count":0,"_bbp_topic_count_hidden":0,"_bbp_reply_count_hidden":0,"_bbp_forum_subforum_count":0,"footnotes":""},"categories":[89,131,4],"tags":[69,134],"class_list":["post-4057","post","type-post","status-publish","format-standard","has-post-thumbnail","hentry","category-6e-comunitat-dels-grans","category-cs","category-portada","tag-6e","tag-cicle-superior"],"post_mailing_queue_ids":[],"_links":{"self":[{"href":"https:\/\/agora.xtec.cat\/escola-teresamiquelipamies\/wp-json\/wp\/v2\/posts\/4057","targetHints":{"allow":["GET"]}}],"collection":[{"href":"https:\/\/agora.xtec.cat\/escola-teresamiquelipamies\/wp-json\/wp\/v2\/posts"}],"about":[{"href":"https:\/\/agora.xtec.cat\/escola-teresamiquelipamies\/wp-json\/wp\/v2\/types\/post"}],"author":[{"embeddable":true,"href":"https:\/\/agora.xtec.cat\/escola-teresamiquelipamies\/wp-json\/wp\/v2\/users\/1"}],"replies":[{"embeddable":true,"href":"https:\/\/agora.xtec.cat\/escola-teresamiquelipamies\/wp-json\/wp\/v2\/comments?post=4057"}],"version-history":[{"count":1,"href":"https:\/\/agora.xtec.cat\/escola-teresamiquelipamies\/wp-json\/wp\/v2\/posts\/4057\/revisions"}],"predecessor-version":[{"id":4059,"href":"https:\/\/agora.xtec.cat\/escola-teresamiquelipamies\/wp-json\/wp\/v2\/posts\/4057\/revisions\/4059"}],"wp:featuredmedia":[{"embeddable":true,"href":"https:\/\/agora.xtec.cat\/escola-teresamiquelipamies\/wp-json\/wp\/v2\/media\/4058"}],"wp:attachment":[{"href":"https:\/\/agora.xtec.cat\/escola-teresamiquelipamies\/wp-json\/wp\/v2\/media?parent=4057"}],"wp:term":[{"taxonomy":"category","embeddable":true,"href":"https:\/\/agora.xtec.cat\/escola-teresamiquelipamies\/wp-json\/wp\/v2\/categories?post=4057"},{"taxonomy":"post_tag","embeddable":true,"href":"https:\/\/agora.xtec.cat\/escola-teresamiquelipamies\/wp-json\/wp\/v2\/tags?post=4057"}],"curies":[{"name":"wp","href":"https:\/\/api.w.org\/{rel}","templated":true}]}}