{"id":4054,"date":"2024-10-25T09:11:12","date_gmt":"2024-10-25T07:11:12","guid":{"rendered":"https:\/\/agora.xtec.cat\/escola-teresamiquelipamies\/?p=4054"},"modified":"2024-10-25T09:11:12","modified_gmt":"2024-10-25T07:11:12","slug":"passaport-cultural-1r-2","status":"publish","type":"post","link":"https:\/\/agora.xtec.cat\/escola-teresamiquelipamies\/portada\/passaport-cultural-1r-2\/","title":{"rendered":"Passaport cultural (1r)"},"content":{"rendered":"<p style=\"text-align: left;\">Les nenes i els nens de 1r de la nostra escola han rebut amb molta il\u00b7lusi\u00f3 el passaport cultural. Aquesta iniciativa els permetr\u00e0 viure noves experi\u00e8ncies i descobrir el m\u00f3n d&#8217;una manera divertida i educativa. Estem segurs que gaudiran d&#8217;aquesta aventura plena de moments inoblidables!<\/p>\n<p><a href=\"https:\/\/agora.xtec.cat\/escola-teresamiquelipamies\/wp-content\/uploads\/usu2106\/2024\/10\/passaport-cultural-1r.jpg\"><img loading=\"lazy\" decoding=\"async\" class=\"aligncenter wp-image-4055 size-full\" src=\"https:\/\/agora.xtec.cat\/escola-teresamiquelipamies\/wp-content\/uploads\/usu2106\/2024\/10\/passaport-cultural-1r.jpg\" alt=\"\" width=\"600\" height=\"799\" srcset=\"https:\/\/agora.xtec.cat\/escola-teresamiquelipamies\/wp-content\/uploads\/usu2106\/2024\/10\/passaport-cultural-1r.jpg 600w, https:\/\/agora.xtec.cat\/escola-teresamiquelipamies\/wp-content\/uploads\/usu2106\/2024\/10\/passaport-cultural-1r-225x300.jpg 225w\" sizes=\"auto, (max-width: 600px) 100vw, 600px\" \/><\/a><\/p>\n","protected":false},"excerpt":{"rendered":"<p>Les nenes i els nens de 1r de la nostra escola han rebut amb molta il\u00b7lusi\u00f3 el passaport cultural. Aquesta iniciativa els permetr\u00e0 viure noves experi\u00e8ncies i descobrir el m\u00f3n d&#8217;una manera divertida i educativa. Estem segurs que gaudiran d&#8217;aquesta aventura plena de moments inoblidables!<br \/>\n<a&hellip;  <a href=\"https:\/\/agora.xtec.cat\/escola-teresamiquelipamies\/portada\/passaport-cultural-1r-2\/\" title=\"Read Passaport cultural (1r)\">Llegeix m\u00e9s\u00bb<\/a><\/p>\n","protected":false},"author":1,"featured_media":4055,"comment_status":"open","ping_status":"closed","sticky":false,"template":"","format":"standard","meta":{"_bbp_topic_count":0,"_bbp_reply_count":0,"_bbp_total_topic_count":0,"_bbp_total_reply_count":0,"_bbp_voice_count":0,"_bbp_anonymous_reply_count":0,"_bbp_topic_count_hidden":0,"_bbp_reply_count_hidden":0,"_bbp_forum_subforum_count":0,"footnotes":""},"categories":[84,129,4],"tags":[64,132],"class_list":["post-4054","post","type-post","status-publish","format-standard","has-post-thumbnail","hentry","category-1r-comunitat-dels-mitjans","category-ci","category-portada","tag-1r","tag-cicle-inicial"],"post_mailing_queue_ids":[],"_links":{"self":[{"href":"https:\/\/agora.xtec.cat\/escola-teresamiquelipamies\/wp-json\/wp\/v2\/posts\/4054","targetHints":{"allow":["GET"]}}],"collection":[{"href":"https:\/\/agora.xtec.cat\/escola-teresamiquelipamies\/wp-json\/wp\/v2\/posts"}],"about":[{"href":"https:\/\/agora.xtec.cat\/escola-teresamiquelipamies\/wp-json\/wp\/v2\/types\/post"}],"author":[{"embeddable":true,"href":"https:\/\/agora.xtec.cat\/escola-teresamiquelipamies\/wp-json\/wp\/v2\/users\/1"}],"replies":[{"embeddable":true,"href":"https:\/\/agora.xtec.cat\/escola-teresamiquelipamies\/wp-json\/wp\/v2\/comments?post=4054"}],"version-history":[{"count":1,"href":"https:\/\/agora.xtec.cat\/escola-teresamiquelipamies\/wp-json\/wp\/v2\/posts\/4054\/revisions"}],"predecessor-version":[{"id":4056,"href":"https:\/\/agora.xtec.cat\/escola-teresamiquelipamies\/wp-json\/wp\/v2\/posts\/4054\/revisions\/4056"}],"wp:featuredmedia":[{"embeddable":true,"href":"https:\/\/agora.xtec.cat\/escola-teresamiquelipamies\/wp-json\/wp\/v2\/media\/4055"}],"wp:attachment":[{"href":"https:\/\/agora.xtec.cat\/escola-teresamiquelipamies\/wp-json\/wp\/v2\/media?parent=4054"}],"wp:term":[{"taxonomy":"category","embeddable":true,"href":"https:\/\/agora.xtec.cat\/escola-teresamiquelipamies\/wp-json\/wp\/v2\/categories?post=4054"},{"taxonomy":"post_tag","embeddable":true,"href":"https:\/\/agora.xtec.cat\/escola-teresamiquelipamies\/wp-json\/wp\/v2\/tags?post=4054"}],"curies":[{"name":"wp","href":"https:\/\/api.w.org\/{rel}","templated":true}]}}