{"id":3774,"date":"2024-01-23T12:47:26","date_gmt":"2024-01-23T11:47:26","guid":{"rendered":"https:\/\/agora.xtec.cat\/escola-teresamiquelipamies\/?p=3774"},"modified":"2024-01-23T12:47:26","modified_gmt":"2024-01-23T11:47:26","slug":"curs-de-catala-per-a-mares-i-pares","status":"publish","type":"post","link":"https:\/\/agora.xtec.cat\/escola-teresamiquelipamies\/portada\/curs-de-catala-per-a-mares-i-pares\/","title":{"rendered":"Curs de catal\u00e0 per a mares i pares"},"content":{"rendered":"<p><span style=\"font-weight: 400;\">Aquest dilluns 22 de gener les mares i pares de l\u2019escola han iniciat el curs de catal\u00e0 d\u2019enguany, que es realitzar\u00e0 durant tres dies a la setmana i fins al mes de maig. La mestra ha comen\u00e7at amb molta motivaci\u00f3 i les mares treballant amb molt d\u2019esfor\u00e7.<\/span><\/p>\n<p><a href=\"https:\/\/agora.xtec.cat\/escola-teresamiquelipamies\/wp-content\/uploads\/usu2106\/2024\/01\/collagecurscatalamares-Copy.jpg\"><img loading=\"lazy\" decoding=\"async\" class=\"aligncenter wp-image-3775 size-full\" src=\"https:\/\/agora.xtec.cat\/escola-teresamiquelipamies\/wp-content\/uploads\/usu2106\/2024\/01\/collagecurscatalamares-Copy.jpg\" alt=\"\" width=\"836\" height=\"627\" srcset=\"https:\/\/agora.xtec.cat\/escola-teresamiquelipamies\/wp-content\/uploads\/usu2106\/2024\/01\/collagecurscatalamares-Copy.jpg 836w, https:\/\/agora.xtec.cat\/escola-teresamiquelipamies\/wp-content\/uploads\/usu2106\/2024\/01\/collagecurscatalamares-Copy-300x225.jpg 300w, https:\/\/agora.xtec.cat\/escola-teresamiquelipamies\/wp-content\/uploads\/usu2106\/2024\/01\/collagecurscatalamares-Copy-768x576.jpg 768w, https:\/\/agora.xtec.cat\/escola-teresamiquelipamies\/wp-content\/uploads\/usu2106\/2024\/01\/collagecurscatalamares-Copy-200x150.jpg 200w\" sizes=\"auto, (max-width: 836px) 100vw, 836px\" \/><\/a><\/p>\n<p>&nbsp;<\/p>\n","protected":false},"excerpt":{"rendered":"<p>Aquest dilluns 22 de gener les mares i pares de l\u2019escola han iniciat el curs de catal\u00e0 d\u2019enguany, que es realitzar\u00e0 durant tres dies a la setmana i fins al mes de maig. La mestra ha comen\u00e7at amb molta motivaci\u00f3 i les mares treballant amb&hellip;  <a href=\"https:\/\/agora.xtec.cat\/escola-teresamiquelipamies\/portada\/curs-de-catala-per-a-mares-i-pares\/\" title=\"Read Curs de catal\u00e0 per a mares i pares\">Llegeix m\u00e9s\u00bb<\/a><\/p>\n","protected":false},"author":1,"featured_media":3775,"comment_status":"open","ping_status":"closed","sticky":false,"template":"","format":"standard","meta":{"_bbp_topic_count":0,"_bbp_reply_count":0,"_bbp_total_topic_count":0,"_bbp_total_reply_count":0,"_bbp_voice_count":0,"_bbp_anonymous_reply_count":0,"_bbp_topic_count_hidden":0,"_bbp_reply_count_hidden":0,"_bbp_forum_subforum_count":0,"footnotes":""},"categories":[75,4],"tags":[96],"class_list":["post-3774","post","type-post","status-publish","format-standard","has-post-thumbnail","hentry","category-escola-sostenible","category-portada","tag-relacio-escola-familia"],"post_mailing_queue_ids":[],"_links":{"self":[{"href":"https:\/\/agora.xtec.cat\/escola-teresamiquelipamies\/wp-json\/wp\/v2\/posts\/3774","targetHints":{"allow":["GET"]}}],"collection":[{"href":"https:\/\/agora.xtec.cat\/escola-teresamiquelipamies\/wp-json\/wp\/v2\/posts"}],"about":[{"href":"https:\/\/agora.xtec.cat\/escola-teresamiquelipamies\/wp-json\/wp\/v2\/types\/post"}],"author":[{"embeddable":true,"href":"https:\/\/agora.xtec.cat\/escola-teresamiquelipamies\/wp-json\/wp\/v2\/users\/1"}],"replies":[{"embeddable":true,"href":"https:\/\/agora.xtec.cat\/escola-teresamiquelipamies\/wp-json\/wp\/v2\/comments?post=3774"}],"version-history":[{"count":1,"href":"https:\/\/agora.xtec.cat\/escola-teresamiquelipamies\/wp-json\/wp\/v2\/posts\/3774\/revisions"}],"predecessor-version":[{"id":3776,"href":"https:\/\/agora.xtec.cat\/escola-teresamiquelipamies\/wp-json\/wp\/v2\/posts\/3774\/revisions\/3776"}],"wp:featuredmedia":[{"embeddable":true,"href":"https:\/\/agora.xtec.cat\/escola-teresamiquelipamies\/wp-json\/wp\/v2\/media\/3775"}],"wp:attachment":[{"href":"https:\/\/agora.xtec.cat\/escola-teresamiquelipamies\/wp-json\/wp\/v2\/media?parent=3774"}],"wp:term":[{"taxonomy":"category","embeddable":true,"href":"https:\/\/agora.xtec.cat\/escola-teresamiquelipamies\/wp-json\/wp\/v2\/categories?post=3774"},{"taxonomy":"post_tag","embeddable":true,"href":"https:\/\/agora.xtec.cat\/escola-teresamiquelipamies\/wp-json\/wp\/v2\/tags?post=3774"}],"curies":[{"name":"wp","href":"https:\/\/api.w.org\/{rel}","templated":true}]}}