{"id":3691,"date":"2023-12-04T09:57:00","date_gmt":"2023-12-04T08:57:00","guid":{"rendered":"https:\/\/agora.xtec.cat\/escola-teresamiquelipamies\/?p=3691"},"modified":"2023-12-04T09:57:00","modified_gmt":"2023-12-04T08:57:00","slug":"taller-go-lets-play-digital","status":"publish","type":"post","link":"https:\/\/agora.xtec.cat\/escola-teresamiquelipamies\/portada\/taller-go-lets-play-digital\/","title":{"rendered":"Taller Go. Let&#8217;s play digital."},"content":{"rendered":"<p><span style=\"font-weight: 400;\">Al nou taller <\/span><i><span style=\"font-weight: 400;\">Let<\/span><\/i><span style=\"font-weight: 400;\">&#8216;s <\/span><i><span style=\"font-weight: 400;\">play digital <\/span><\/i><span style=\"font-weight: 400;\">els nens i nenes de 3r i 4t fan servir les tablets en petit grup per practicar i millorar la llengua anglesa tot jugant. Alhora milloren la compet\u00e8ncia digital i eliminem barreres socials perqu\u00e8 tots els alumnes puguin tenir acc\u00e8s a les noves tecnologies.\u00a0\u00a0<\/span><\/p>\n<p><a href=\"https:\/\/agora.xtec.cat\/escola-teresamiquelipamies\/wp-content\/uploads\/usu2106\/2023\/12\/IMG_20231122_161935_1-Copy.jpg\"><img loading=\"lazy\" decoding=\"async\" class=\"alignnone size-medium wp-image-3692\" src=\"https:\/\/agora.xtec.cat\/escola-teresamiquelipamies\/wp-content\/uploads\/usu2106\/2023\/12\/IMG_20231122_161935_1-Copy-300x225.jpg\" alt=\"\" width=\"300\" height=\"225\" srcset=\"https:\/\/agora.xtec.cat\/escola-teresamiquelipamies\/wp-content\/uploads\/usu2106\/2023\/12\/IMG_20231122_161935_1-Copy-300x225.jpg 300w, https:\/\/agora.xtec.cat\/escola-teresamiquelipamies\/wp-content\/uploads\/usu2106\/2023\/12\/IMG_20231122_161935_1-Copy-768x576.jpg 768w, https:\/\/agora.xtec.cat\/escola-teresamiquelipamies\/wp-content\/uploads\/usu2106\/2023\/12\/IMG_20231122_161935_1-Copy-200x150.jpg 200w, https:\/\/agora.xtec.cat\/escola-teresamiquelipamies\/wp-content\/uploads\/usu2106\/2023\/12\/IMG_20231122_161935_1-Copy.jpg 836w\" sizes=\"auto, (max-width: 300px) 100vw, 300px\" \/><\/a> <a href=\"https:\/\/agora.xtec.cat\/escola-teresamiquelipamies\/wp-content\/uploads\/usu2106\/2023\/12\/IMG_20231203_232049-Copy.jpg\"><img loading=\"lazy\" decoding=\"async\" class=\"alignnone size-medium wp-image-3693\" src=\"https:\/\/agora.xtec.cat\/escola-teresamiquelipamies\/wp-content\/uploads\/usu2106\/2023\/12\/IMG_20231203_232049-Copy-300x225.jpg\" alt=\"\" width=\"300\" height=\"225\" srcset=\"https:\/\/agora.xtec.cat\/escola-teresamiquelipamies\/wp-content\/uploads\/usu2106\/2023\/12\/IMG_20231203_232049-Copy-300x225.jpg 300w, https:\/\/agora.xtec.cat\/escola-teresamiquelipamies\/wp-content\/uploads\/usu2106\/2023\/12\/IMG_20231203_232049-Copy-768x576.jpg 768w, https:\/\/agora.xtec.cat\/escola-teresamiquelipamies\/wp-content\/uploads\/usu2106\/2023\/12\/IMG_20231203_232049-Copy-200x150.jpg 200w, https:\/\/agora.xtec.cat\/escola-teresamiquelipamies\/wp-content\/uploads\/usu2106\/2023\/12\/IMG_20231203_232049-Copy.jpg 836w\" sizes=\"auto, (max-width: 300px) 100vw, 300px\" \/><\/a><\/p>\n","protected":false},"excerpt":{"rendered":"<p>Al nou taller Let&#8216;s play digital els nens i nenes de 3r i 4t fan servir les tablets en petit grup per practicar i millorar la llengua anglesa tot jugant. Alhora milloren la compet\u00e8ncia digital i eliminem barreres socials perqu\u00e8 tots els alumnes puguin tenir&hellip;  <a href=\"https:\/\/agora.xtec.cat\/escola-teresamiquelipamies\/portada\/taller-go-lets-play-digital\/\" title=\"Read Taller Go. Let&#8217;s play digital.\">Llegeix m\u00e9s\u00bb<\/a><\/p>\n","protected":false},"author":1,"featured_media":3693,"comment_status":"open","ping_status":"closed","sticky":false,"template":"","format":"standard","meta":{"_bbp_topic_count":0,"_bbp_reply_count":0,"_bbp_total_topic_count":0,"_bbp_total_reply_count":0,"_bbp_voice_count":0,"_bbp_anonymous_reply_count":0,"_bbp_topic_count_hidden":0,"_bbp_reply_count_hidden":0,"_bbp_forum_subforum_count":0,"footnotes":""},"categories":[86,87,130,72,4,71],"tags":[66,67,133,136,113],"class_list":["post-3691","post","type-post","status-publish","format-standard","has-post-thumbnail","hentry","category-3r-comunitat-dels-mitjans","category-4t-comunitat-dels-grans","category-cm","category-pinzellades-de-sons","category-portada","category-projectes","tag-3r","tag-4t","tag-cicle-mitja","tag-go","tag-projectes"],"post_mailing_queue_ids":[],"_links":{"self":[{"href":"https:\/\/agora.xtec.cat\/escola-teresamiquelipamies\/wp-json\/wp\/v2\/posts\/3691","targetHints":{"allow":["GET"]}}],"collection":[{"href":"https:\/\/agora.xtec.cat\/escola-teresamiquelipamies\/wp-json\/wp\/v2\/posts"}],"about":[{"href":"https:\/\/agora.xtec.cat\/escola-teresamiquelipamies\/wp-json\/wp\/v2\/types\/post"}],"author":[{"embeddable":true,"href":"https:\/\/agora.xtec.cat\/escola-teresamiquelipamies\/wp-json\/wp\/v2\/users\/1"}],"replies":[{"embeddable":true,"href":"https:\/\/agora.xtec.cat\/escola-teresamiquelipamies\/wp-json\/wp\/v2\/comments?post=3691"}],"version-history":[{"count":1,"href":"https:\/\/agora.xtec.cat\/escola-teresamiquelipamies\/wp-json\/wp\/v2\/posts\/3691\/revisions"}],"predecessor-version":[{"id":3694,"href":"https:\/\/agora.xtec.cat\/escola-teresamiquelipamies\/wp-json\/wp\/v2\/posts\/3691\/revisions\/3694"}],"wp:featuredmedia":[{"embeddable":true,"href":"https:\/\/agora.xtec.cat\/escola-teresamiquelipamies\/wp-json\/wp\/v2\/media\/3693"}],"wp:attachment":[{"href":"https:\/\/agora.xtec.cat\/escola-teresamiquelipamies\/wp-json\/wp\/v2\/media?parent=3691"}],"wp:term":[{"taxonomy":"category","embeddable":true,"href":"https:\/\/agora.xtec.cat\/escola-teresamiquelipamies\/wp-json\/wp\/v2\/categories?post=3691"},{"taxonomy":"post_tag","embeddable":true,"href":"https:\/\/agora.xtec.cat\/escola-teresamiquelipamies\/wp-json\/wp\/v2\/tags?post=3691"}],"curies":[{"name":"wp","href":"https:\/\/api.w.org\/{rel}","templated":true}]}}