{"id":3488,"date":"2023-06-16T13:32:45","date_gmt":"2023-06-16T11:32:45","guid":{"rendered":"https:\/\/agora.xtec.cat\/escola-teresamiquelipamies\/?p=3488"},"modified":"2023-06-16T13:32:45","modified_gmt":"2023-06-16T11:32:45","slug":"projecte-coeducacio-maig-convivencia","status":"publish","type":"post","link":"https:\/\/agora.xtec.cat\/escola-teresamiquelipamies\/portada\/projecte-coeducacio-maig-convivencia\/","title":{"rendered":"PROJECTE COEDUCACI\u00d3. MAIG: CONVIV\u00c8NCIA"},"content":{"rendered":"<p><span style=\"font-weight: 400;\">Tots els alumnes des de petits fins a grans han tractat la conviv\u00e8ncia. La convivencia entesa com tot aquell conjunt d\u2019actituds a tenir perqu\u00e8 totes les persones es sentin c\u00f2modes davant del joc o davant d\u2019una tasca en grup o a la classe. El treball en equip ent\u00e8s com les capacitats de les persones per posar-se d\u2019acord, respectar als altres per aconseguir l\u2019objectiu\u2026\u00a0<\/span><\/p>\n<p>&nbsp;<\/p>\n<p><span style=\"font-weight: 400;\">Els m\u00e9s petits han vist el curtmetratge de \u201cEl puente\u201d i han fet construccions conjuntes i en equip. Primer i segon han reflexionat amb el conte \u201cLa forastera i l\u2019avi tot orelles\u201d. Els de tercer, a trav\u00e9s del conte \u201cGato rojo, gato azul\u201d han parlat de les qualitats pr\u00f2pies i dels companys per poder conviure amb m\u00e9s harmonia. Quart va viure amb una din\u00e0mica la discriminaci\u00f3 o el rebuig que podem causar a vegades a la resta. Els de cinqu\u00e8 van fer teatres variats amb rols de com podem actuar quan veiem que no s\u2019est\u00e0 respectant a alg\u00fa.\u00a0 Els m\u00e9s grans, els de 6\u00e8, han fet una din\u00e0mica en la que havien de negociar quines coses s\u2019emportarien a una illa deserta.\u00a0<\/span><\/p>\n<p>&nbsp;<\/p>\n<p><span style=\"font-weight: 400;\">Els tutors\/es tamb\u00e9 han fet activitats en les que treballaven les emocions que es generen quan ens sentim que formem part d\u2019un grup, o quan aquest grup no ens fa sentir b\u00e9.\u00a0<\/span><\/p>\n<p>&nbsp;<\/p>\n<p><span style=\"font-weight: 400;\">Totes han pogut treballar des de un prisma diferent la conviv\u00e8ncia entre les persones. <\/span><\/p>\n<p>&nbsp;<\/p>\n<p><a href=\"https:\/\/agora.xtec.cat\/escola-teresamiquelipamies\/wp-content\/uploads\/usu2106\/2023\/06\/Copia-de-IMG-20230531-WA0013.jpg\"><img loading=\"lazy\" decoding=\"async\" class=\"alignnone size-medium wp-image-3489\" src=\"https:\/\/agora.xtec.cat\/escola-teresamiquelipamies\/wp-content\/uploads\/usu2106\/2023\/06\/Copia-de-IMG-20230531-WA0013-225x300.jpg\" alt=\"\" width=\"225\" height=\"300\" srcset=\"https:\/\/agora.xtec.cat\/escola-teresamiquelipamies\/wp-content\/uploads\/usu2106\/2023\/06\/Copia-de-IMG-20230531-WA0013-225x300.jpg 225w, https:\/\/agora.xtec.cat\/escola-teresamiquelipamies\/wp-content\/uploads\/usu2106\/2023\/06\/Copia-de-IMG-20230531-WA0013-768x1024.jpg 768w, https:\/\/agora.xtec.cat\/escola-teresamiquelipamies\/wp-content\/uploads\/usu2106\/2023\/06\/Copia-de-IMG-20230531-WA0013-1152x1536.jpg 1152w, https:\/\/agora.xtec.cat\/escola-teresamiquelipamies\/wp-content\/uploads\/usu2106\/2023\/06\/Copia-de-IMG-20230531-WA0013.jpg 1200w\" sizes=\"auto, (max-width: 225px) 100vw, 225px\" \/><\/a> <a href=\"https:\/\/agora.xtec.cat\/escola-teresamiquelipamies\/wp-content\/uploads\/usu2106\/2023\/06\/Copia-de-IMG-20230531-WA0015.jpg\"><img loading=\"lazy\" decoding=\"async\" class=\"alignnone size-medium wp-image-3490\" src=\"https:\/\/agora.xtec.cat\/escola-teresamiquelipamies\/wp-content\/uploads\/usu2106\/2023\/06\/Copia-de-IMG-20230531-WA0015-300x225.jpg\" alt=\"\" width=\"300\" height=\"225\" srcset=\"https:\/\/agora.xtec.cat\/escola-teresamiquelipamies\/wp-content\/uploads\/usu2106\/2023\/06\/Copia-de-IMG-20230531-WA0015-300x225.jpg 300w, https:\/\/agora.xtec.cat\/escola-teresamiquelipamies\/wp-content\/uploads\/usu2106\/2023\/06\/Copia-de-IMG-20230531-WA0015-1024x768.jpg 1024w, https:\/\/agora.xtec.cat\/escola-teresamiquelipamies\/wp-content\/uploads\/usu2106\/2023\/06\/Copia-de-IMG-20230531-WA0015-768x576.jpg 768w, https:\/\/agora.xtec.cat\/escola-teresamiquelipamies\/wp-content\/uploads\/usu2106\/2023\/06\/Copia-de-IMG-20230531-WA0015-1536x1152.jpg 1536w, https:\/\/agora.xtec.cat\/escola-teresamiquelipamies\/wp-content\/uploads\/usu2106\/2023\/06\/Copia-de-IMG-20230531-WA0015-200x150.jpg 200w, https:\/\/agora.xtec.cat\/escola-teresamiquelipamies\/wp-content\/uploads\/usu2106\/2023\/06\/Copia-de-IMG-20230531-WA0015.jpg 1600w\" sizes=\"auto, (max-width: 300px) 100vw, 300px\" \/><\/a> <a href=\"https:\/\/agora.xtec.cat\/escola-teresamiquelipamies\/wp-content\/uploads\/usu2106\/2023\/06\/Copia-de-IMG-20230531-WA0016.jpg\"><img loading=\"lazy\" decoding=\"async\" class=\"alignnone size-medium wp-image-3491\" src=\"https:\/\/agora.xtec.cat\/escola-teresamiquelipamies\/wp-content\/uploads\/usu2106\/2023\/06\/Copia-de-IMG-20230531-WA0016-300x225.jpg\" alt=\"\" width=\"300\" height=\"225\" srcset=\"https:\/\/agora.xtec.cat\/escola-teresamiquelipamies\/wp-content\/uploads\/usu2106\/2023\/06\/Copia-de-IMG-20230531-WA0016-300x225.jpg 300w, https:\/\/agora.xtec.cat\/escola-teresamiquelipamies\/wp-content\/uploads\/usu2106\/2023\/06\/Copia-de-IMG-20230531-WA0016-1024x768.jpg 1024w, https:\/\/agora.xtec.cat\/escola-teresamiquelipamies\/wp-content\/uploads\/usu2106\/2023\/06\/Copia-de-IMG-20230531-WA0016-768x576.jpg 768w, https:\/\/agora.xtec.cat\/escola-teresamiquelipamies\/wp-content\/uploads\/usu2106\/2023\/06\/Copia-de-IMG-20230531-WA0016-1536x1152.jpg 1536w, https:\/\/agora.xtec.cat\/escola-teresamiquelipamies\/wp-content\/uploads\/usu2106\/2023\/06\/Copia-de-IMG-20230531-WA0016-200x150.jpg 200w, https:\/\/agora.xtec.cat\/escola-teresamiquelipamies\/wp-content\/uploads\/usu2106\/2023\/06\/Copia-de-IMG-20230531-WA0016.jpg 1600w\" sizes=\"auto, (max-width: 300px) 100vw, 300px\" \/><\/a><\/p>\n","protected":false},"excerpt":{"rendered":"<p>Tots els alumnes des de petits fins a grans han tractat la conviv\u00e8ncia. La convivencia entesa com tot aquell conjunt d\u2019actituds a tenir perqu\u00e8 totes les persones es sentin c\u00f2modes davant del joc o davant d\u2019una tasca en grup o a la classe. El treball&hellip;  <a href=\"https:\/\/agora.xtec.cat\/escola-teresamiquelipamies\/portada\/projecte-coeducacio-maig-convivencia\/\" title=\"Read PROJECTE COEDUCACI\u00d3. MAIG: CONVIV\u00c8NCIA\">Llegeix m\u00e9s\u00bb<\/a><\/p>\n","protected":false},"author":1,"featured_media":3489,"comment_status":"open","ping_status":"closed","sticky":false,"template":"","format":"standard","meta":{"_bbp_topic_count":0,"_bbp_reply_count":0,"_bbp_total_topic_count":0,"_bbp_total_reply_count":0,"_bbp_voice_count":0,"_bbp_anonymous_reply_count":0,"_bbp_topic_count_hidden":0,"_bbp_reply_count_hidden":0,"_bbp_forum_subforum_count":0,"footnotes":""},"categories":[139,4,71],"tags":[138,113],"class_list":["post-3488","post","type-post","status-publish","format-standard","has-post-thumbnail","hentry","category-coeducacio-1","category-portada","category-projectes","tag-coeducacio","tag-projectes"],"post_mailing_queue_ids":[],"_links":{"self":[{"href":"https:\/\/agora.xtec.cat\/escola-teresamiquelipamies\/wp-json\/wp\/v2\/posts\/3488","targetHints":{"allow":["GET"]}}],"collection":[{"href":"https:\/\/agora.xtec.cat\/escola-teresamiquelipamies\/wp-json\/wp\/v2\/posts"}],"about":[{"href":"https:\/\/agora.xtec.cat\/escola-teresamiquelipamies\/wp-json\/wp\/v2\/types\/post"}],"author":[{"embeddable":true,"href":"https:\/\/agora.xtec.cat\/escola-teresamiquelipamies\/wp-json\/wp\/v2\/users\/1"}],"replies":[{"embeddable":true,"href":"https:\/\/agora.xtec.cat\/escola-teresamiquelipamies\/wp-json\/wp\/v2\/comments?post=3488"}],"version-history":[{"count":1,"href":"https:\/\/agora.xtec.cat\/escola-teresamiquelipamies\/wp-json\/wp\/v2\/posts\/3488\/revisions"}],"predecessor-version":[{"id":3492,"href":"https:\/\/agora.xtec.cat\/escola-teresamiquelipamies\/wp-json\/wp\/v2\/posts\/3488\/revisions\/3492"}],"wp:featuredmedia":[{"embeddable":true,"href":"https:\/\/agora.xtec.cat\/escola-teresamiquelipamies\/wp-json\/wp\/v2\/media\/3489"}],"wp:attachment":[{"href":"https:\/\/agora.xtec.cat\/escola-teresamiquelipamies\/wp-json\/wp\/v2\/media?parent=3488"}],"wp:term":[{"taxonomy":"category","embeddable":true,"href":"https:\/\/agora.xtec.cat\/escola-teresamiquelipamies\/wp-json\/wp\/v2\/categories?post=3488"},{"taxonomy":"post_tag","embeddable":true,"href":"https:\/\/agora.xtec.cat\/escola-teresamiquelipamies\/wp-json\/wp\/v2\/tags?post=3488"}],"curies":[{"name":"wp","href":"https:\/\/api.w.org\/{rel}","templated":true}]}}