{"id":3393,"date":"2023-05-15T11:36:36","date_gmt":"2023-05-15T09:36:36","guid":{"rendered":"https:\/\/agora.xtec.cat\/escola-teresamiquelipamies\/?p=3393"},"modified":"2023-05-15T11:36:36","modified_gmt":"2023-05-15T09:36:36","slug":"projecte-coeducacio-internet-segura","status":"publish","type":"post","link":"https:\/\/agora.xtec.cat\/escola-teresamiquelipamies\/portada\/projecte-coeducacio-internet-segura\/","title":{"rendered":"Projecte Coeducaci\u00f3. Internet segura."},"content":{"rendered":"<p><span style=\"font-weight: 400;\">L\u2019equip social, ha vist necessari fer una activitat sobre Internet Segura amb els m\u00e9s grans de l\u2019escola, els alumnes de 6\u00e8. Hem reflexionat a trav\u00e9s de jocs sobre els usos que tenen les xarxes socials i l\u2019internet, quins perills i riscos hi ha, com demanar ajuda, i quines s\u00f3n les bones pr\u00e0ctiques.<\/span><\/p>\n<p><span style=\"font-weight: 400;\">S\u2019ho han passat b\u00e9 perqu\u00e8 han descobert coses noves a trav\u00e9s d\u2019un memory, un joc de l\u2019oca o un de relacionar fitxes. Tot aquest material i altres consells els podeu trobar a <\/span><a href=\"https:\/\/internetsegura.cat\/\"><span style=\"font-weight: 400;\">https:\/\/internetsegura.cat\/<\/span><\/a><span style=\"font-weight: 400;\">\u00a0<\/span><\/p>\n<p>&nbsp;<\/p>\n<p><a href=\"https:\/\/agora.xtec.cat\/escola-teresamiquelipamies\/wp-content\/uploads\/usu2106\/2023\/05\/Copia-de-IMG_20230426_095719-Copy-rotated.jpg\"><img loading=\"lazy\" decoding=\"async\" class=\"alignnone size-medium wp-image-3394\" src=\"https:\/\/agora.xtec.cat\/escola-teresamiquelipamies\/wp-content\/uploads\/usu2106\/2023\/05\/Copia-de-IMG_20230426_095719-Copy-169x300.jpg\" alt=\"\" width=\"169\" height=\"300\" srcset=\"https:\/\/agora.xtec.cat\/escola-teresamiquelipamies\/wp-content\/uploads\/usu2106\/2023\/05\/Copia-de-IMG_20230426_095719-Copy-169x300.jpg 169w, https:\/\/agora.xtec.cat\/escola-teresamiquelipamies\/wp-content\/uploads\/usu2106\/2023\/05\/Copia-de-IMG_20230426_095719-Copy-rotated.jpg 470w\" sizes=\"auto, (max-width: 169px) 100vw, 169px\" \/><\/a> <a href=\"https:\/\/agora.xtec.cat\/escola-teresamiquelipamies\/wp-content\/uploads\/usu2106\/2023\/05\/Copia-de-IMG_20230426_100053-Copy-rotated.jpg\"><img loading=\"lazy\" decoding=\"async\" class=\"alignnone size-medium wp-image-3395\" src=\"https:\/\/agora.xtec.cat\/escola-teresamiquelipamies\/wp-content\/uploads\/usu2106\/2023\/05\/Copia-de-IMG_20230426_100053-Copy-169x300.jpg\" alt=\"\" width=\"169\" height=\"300\" srcset=\"https:\/\/agora.xtec.cat\/escola-teresamiquelipamies\/wp-content\/uploads\/usu2106\/2023\/05\/Copia-de-IMG_20230426_100053-Copy-169x300.jpg 169w, https:\/\/agora.xtec.cat\/escola-teresamiquelipamies\/wp-content\/uploads\/usu2106\/2023\/05\/Copia-de-IMG_20230426_100053-Copy-rotated.jpg 470w\" sizes=\"auto, (max-width: 169px) 100vw, 169px\" \/><\/a> <a href=\"https:\/\/agora.xtec.cat\/escola-teresamiquelipamies\/wp-content\/uploads\/usu2106\/2023\/05\/Copia-de-IMG_20230426_100122-Copy-rotated.jpg\"><img loading=\"lazy\" decoding=\"async\" class=\"alignnone size-medium wp-image-3396\" src=\"https:\/\/agora.xtec.cat\/escola-teresamiquelipamies\/wp-content\/uploads\/usu2106\/2023\/05\/Copia-de-IMG_20230426_100122-Copy-169x300.jpg\" alt=\"\" width=\"169\" height=\"300\" srcset=\"https:\/\/agora.xtec.cat\/escola-teresamiquelipamies\/wp-content\/uploads\/usu2106\/2023\/05\/Copia-de-IMG_20230426_100122-Copy-169x300.jpg 169w, https:\/\/agora.xtec.cat\/escola-teresamiquelipamies\/wp-content\/uploads\/usu2106\/2023\/05\/Copia-de-IMG_20230426_100122-Copy-rotated.jpg 470w\" sizes=\"auto, (max-width: 169px) 100vw, 169px\" \/><\/a><\/p>\n","protected":false},"excerpt":{"rendered":"<p>L\u2019equip social, ha vist necessari fer una activitat sobre Internet Segura amb els m\u00e9s grans de l\u2019escola, els alumnes de 6\u00e8. Hem reflexionat a trav\u00e9s de jocs sobre els usos que tenen les xarxes socials i l\u2019internet, quins perills i riscos hi ha, com demanar&hellip;  <a href=\"https:\/\/agora.xtec.cat\/escola-teresamiquelipamies\/portada\/projecte-coeducacio-internet-segura\/\" title=\"Read Projecte Coeducaci\u00f3. Internet segura.\">Llegeix m\u00e9s\u00bb<\/a><\/p>\n","protected":false},"author":1,"featured_media":3395,"comment_status":"open","ping_status":"closed","sticky":false,"template":"","format":"standard","meta":{"_bbp_topic_count":0,"_bbp_reply_count":0,"_bbp_total_topic_count":0,"_bbp_total_reply_count":0,"_bbp_voice_count":0,"_bbp_anonymous_reply_count":0,"_bbp_topic_count_hidden":0,"_bbp_reply_count_hidden":0,"_bbp_forum_subforum_count":0,"footnotes":""},"categories":[139,4,71],"tags":[138],"class_list":["post-3393","post","type-post","status-publish","format-standard","has-post-thumbnail","hentry","category-coeducacio-1","category-portada","category-projectes","tag-coeducacio"],"post_mailing_queue_ids":[],"_links":{"self":[{"href":"https:\/\/agora.xtec.cat\/escola-teresamiquelipamies\/wp-json\/wp\/v2\/posts\/3393","targetHints":{"allow":["GET"]}}],"collection":[{"href":"https:\/\/agora.xtec.cat\/escola-teresamiquelipamies\/wp-json\/wp\/v2\/posts"}],"about":[{"href":"https:\/\/agora.xtec.cat\/escola-teresamiquelipamies\/wp-json\/wp\/v2\/types\/post"}],"author":[{"embeddable":true,"href":"https:\/\/agora.xtec.cat\/escola-teresamiquelipamies\/wp-json\/wp\/v2\/users\/1"}],"replies":[{"embeddable":true,"href":"https:\/\/agora.xtec.cat\/escola-teresamiquelipamies\/wp-json\/wp\/v2\/comments?post=3393"}],"version-history":[{"count":1,"href":"https:\/\/agora.xtec.cat\/escola-teresamiquelipamies\/wp-json\/wp\/v2\/posts\/3393\/revisions"}],"predecessor-version":[{"id":3397,"href":"https:\/\/agora.xtec.cat\/escola-teresamiquelipamies\/wp-json\/wp\/v2\/posts\/3393\/revisions\/3397"}],"wp:featuredmedia":[{"embeddable":true,"href":"https:\/\/agora.xtec.cat\/escola-teresamiquelipamies\/wp-json\/wp\/v2\/media\/3395"}],"wp:attachment":[{"href":"https:\/\/agora.xtec.cat\/escola-teresamiquelipamies\/wp-json\/wp\/v2\/media?parent=3393"}],"wp:term":[{"taxonomy":"category","embeddable":true,"href":"https:\/\/agora.xtec.cat\/escola-teresamiquelipamies\/wp-json\/wp\/v2\/categories?post=3393"},{"taxonomy":"post_tag","embeddable":true,"href":"https:\/\/agora.xtec.cat\/escola-teresamiquelipamies\/wp-json\/wp\/v2\/tags?post=3393"}],"curies":[{"name":"wp","href":"https:\/\/api.w.org\/{rel}","templated":true}]}}