{"id":3389,"date":"2023-05-15T11:32:56","date_gmt":"2023-05-15T09:32:56","guid":{"rendered":"https:\/\/agora.xtec.cat\/escola-teresamiquelipamies\/?p=3389"},"modified":"2023-05-15T11:32:56","modified_gmt":"2023-05-15T09:32:56","slug":"projecte-coeducacio-lego-emocions-a-infantil","status":"publish","type":"post","link":"https:\/\/agora.xtec.cat\/escola-teresamiquelipamies\/portada\/projecte-coeducacio-lego-emocions-a-infantil\/","title":{"rendered":"Projecte Coeducaci\u00f3. Lego: emocions a infantil."},"content":{"rendered":"<p><span style=\"font-weight: 400;\">Aquest curs amb els alumnes de i3 i i4 hem iniciat un treball amb un Lego especial de les emocions. Amb aquestes construccions tan conegudes hi afegim unes cares que representen emocions diverses. En grups petits, hem treballat amb les nenes i els nens a observar cada emoci\u00f3, recon\u00e8ixer-la i constru\u00efr una hist\u00f2ria amb les peces.<\/span><\/p>\n<p><span style=\"font-weight: 400;\">\u00c9s un material amb el que anirem treballant m\u00e9s per donar oportunitats als m\u00e9s petits a endinsar-se al mon de les emocions i els sentiments. A m\u00e9s amb el Lego, la combinaci\u00f3 \u00e9s perfecta!<\/span><\/p>\n<p><a href=\"https:\/\/agora.xtec.cat\/escola-teresamiquelipamies\/wp-content\/uploads\/usu2106\/2023\/05\/Copia-de-IMG_20230208_155022-Copy.jpg\"><img loading=\"lazy\" decoding=\"async\" class=\"alignnone size-medium wp-image-3390\" src=\"https:\/\/agora.xtec.cat\/escola-teresamiquelipamies\/wp-content\/uploads\/usu2106\/2023\/05\/Copia-de-IMG_20230208_155022-Copy-300x169.jpg\" alt=\"\" width=\"300\" height=\"169\" srcset=\"https:\/\/agora.xtec.cat\/escola-teresamiquelipamies\/wp-content\/uploads\/usu2106\/2023\/05\/Copia-de-IMG_20230208_155022-Copy-300x169.jpg 300w, https:\/\/agora.xtec.cat\/escola-teresamiquelipamies\/wp-content\/uploads\/usu2106\/2023\/05\/Copia-de-IMG_20230208_155022-Copy-768x432.jpg 768w, https:\/\/agora.xtec.cat\/escola-teresamiquelipamies\/wp-content\/uploads\/usu2106\/2023\/05\/Copia-de-IMG_20230208_155022-Copy.jpg 836w\" sizes=\"auto, (max-width: 300px) 100vw, 300px\" \/><\/a> <a href=\"https:\/\/agora.xtec.cat\/escola-teresamiquelipamies\/wp-content\/uploads\/usu2106\/2023\/05\/Copia-de-IMG_20230208_154944-Copy.jpg\"><img loading=\"lazy\" decoding=\"async\" class=\"alignnone size-medium wp-image-3391\" src=\"https:\/\/agora.xtec.cat\/escola-teresamiquelipamies\/wp-content\/uploads\/usu2106\/2023\/05\/Copia-de-IMG_20230208_154944-Copy-300x169.jpg\" alt=\"\" width=\"300\" height=\"169\" srcset=\"https:\/\/agora.xtec.cat\/escola-teresamiquelipamies\/wp-content\/uploads\/usu2106\/2023\/05\/Copia-de-IMG_20230208_154944-Copy-300x169.jpg 300w, https:\/\/agora.xtec.cat\/escola-teresamiquelipamies\/wp-content\/uploads\/usu2106\/2023\/05\/Copia-de-IMG_20230208_154944-Copy-768x432.jpg 768w, https:\/\/agora.xtec.cat\/escola-teresamiquelipamies\/wp-content\/uploads\/usu2106\/2023\/05\/Copia-de-IMG_20230208_154944-Copy.jpg 836w\" sizes=\"auto, (max-width: 300px) 100vw, 300px\" \/><\/a><\/p>\n","protected":false},"excerpt":{"rendered":"<p>Aquest curs amb els alumnes de i3 i i4 hem iniciat un treball amb un Lego especial de les emocions. Amb aquestes construccions tan conegudes hi afegim unes cares que representen emocions diverses. En grups petits, hem treballat amb les nenes i els nens a&hellip;  <a href=\"https:\/\/agora.xtec.cat\/escola-teresamiquelipamies\/portada\/projecte-coeducacio-lego-emocions-a-infantil\/\" title=\"Read Projecte Coeducaci\u00f3. Lego: emocions a infantil.\">Llegeix m\u00e9s\u00bb<\/a><\/p>\n","protected":false},"author":1,"featured_media":3391,"comment_status":"open","ping_status":"closed","sticky":false,"template":"","format":"standard","meta":{"_bbp_topic_count":0,"_bbp_reply_count":0,"_bbp_total_topic_count":0,"_bbp_total_reply_count":0,"_bbp_voice_count":0,"_bbp_anonymous_reply_count":0,"_bbp_topic_count_hidden":0,"_bbp_reply_count_hidden":0,"_bbp_forum_subforum_count":0,"footnotes":""},"categories":[139,4,71],"tags":[138],"class_list":["post-3389","post","type-post","status-publish","format-standard","has-post-thumbnail","hentry","category-coeducacio-1","category-portada","category-projectes","tag-coeducacio"],"post_mailing_queue_ids":[],"_links":{"self":[{"href":"https:\/\/agora.xtec.cat\/escola-teresamiquelipamies\/wp-json\/wp\/v2\/posts\/3389","targetHints":{"allow":["GET"]}}],"collection":[{"href":"https:\/\/agora.xtec.cat\/escola-teresamiquelipamies\/wp-json\/wp\/v2\/posts"}],"about":[{"href":"https:\/\/agora.xtec.cat\/escola-teresamiquelipamies\/wp-json\/wp\/v2\/types\/post"}],"author":[{"embeddable":true,"href":"https:\/\/agora.xtec.cat\/escola-teresamiquelipamies\/wp-json\/wp\/v2\/users\/1"}],"replies":[{"embeddable":true,"href":"https:\/\/agora.xtec.cat\/escola-teresamiquelipamies\/wp-json\/wp\/v2\/comments?post=3389"}],"version-history":[{"count":1,"href":"https:\/\/agora.xtec.cat\/escola-teresamiquelipamies\/wp-json\/wp\/v2\/posts\/3389\/revisions"}],"predecessor-version":[{"id":3392,"href":"https:\/\/agora.xtec.cat\/escola-teresamiquelipamies\/wp-json\/wp\/v2\/posts\/3389\/revisions\/3392"}],"wp:featuredmedia":[{"embeddable":true,"href":"https:\/\/agora.xtec.cat\/escola-teresamiquelipamies\/wp-json\/wp\/v2\/media\/3391"}],"wp:attachment":[{"href":"https:\/\/agora.xtec.cat\/escola-teresamiquelipamies\/wp-json\/wp\/v2\/media?parent=3389"}],"wp:term":[{"taxonomy":"category","embeddable":true,"href":"https:\/\/agora.xtec.cat\/escola-teresamiquelipamies\/wp-json\/wp\/v2\/categories?post=3389"},{"taxonomy":"post_tag","embeddable":true,"href":"https:\/\/agora.xtec.cat\/escola-teresamiquelipamies\/wp-json\/wp\/v2\/tags?post=3389"}],"curies":[{"name":"wp","href":"https:\/\/api.w.org\/{rel}","templated":true}]}}