{"id":3283,"date":"2023-03-24T09:16:53","date_gmt":"2023-03-24T08:16:53","guid":{"rendered":"https:\/\/agora.xtec.cat\/escola-teresamiquelipamies\/?p=3283"},"modified":"2023-03-24T09:16:53","modified_gmt":"2023-03-24T08:16:53","slug":"jo-miro-el-mon","status":"publish","type":"post","link":"https:\/\/agora.xtec.cat\/escola-teresamiquelipamies\/portada\/jo-miro-el-mon\/","title":{"rendered":"Jo miro el m\u00f3n"},"content":{"rendered":"<p><span style=\"font-weight: 400;\">Aquest mes tot l\u2019alumnat de prim\u00e0ria ha tingut l\u2019oportunitat\u00a0 de presenciar el taller realitzat per la Meritxell i el Jordi, dos adults sense visi\u00f3. El Jordi va n\u00e9ixer cec i la Meritxell va perdre la visi\u00f3 ja essent adulta\u00a0 a causa d\u2019una malaltia ocular.<\/span><\/p>\n<p>&nbsp;<\/p>\n<p><span style=\"font-weight: 400;\">Ells dos juntament amb el gos pigall del Jordi ens han explicat quin \u00e9s el seu dia a dia, com es relacionen, qu\u00e8 hem de fer nosaltres quan som amb ells, com per exemple: dir el nostre nom i d\u2019on som; quina \u00e9s la funci\u00f3 del gos pigall que durant aproximadament 10 anys ajuda i guia, en aquest cas al Jordi.\u00a0<\/span><\/p>\n<p>&nbsp;<\/p>\n<p><span style=\"font-weight: 400;\">Hem pogut comprovar mitjan\u00e7ant una activitat en la que no veiem res, les dificultats en les que es troben, per\u00f2 que tot i aix\u00ed ells les realitzen sense cap dificultat. Han rebut formaci\u00f3 per part de l\u2019ONCE (<\/span><a href=\"http:\/\/www.once.es\"><span style=\"font-weight: 400;\">www.once.es<\/span><\/a><span style=\"font-weight: 400;\">).<\/span><\/p>\n<p>&nbsp;<\/p>\n<p><span style=\"font-weight: 400;\">El Jordi va portar la seva m\u00e0quina d\u2019escriure i ens va ensenyar com s\u2019escriu i com pot llegir amb l\u2019alfabet Braille, del qual tenim un exemplar cadasc\u00fa de nosaltres.<\/span><\/p>\n<p>&nbsp;<\/p>\n<p><span style=\"font-weight: 400;\">Una experi\u00e8ncia inolvidable per a tothom. Moltes gr\u00e0cies Meritxell i Jordi!.\u00a0 <\/span><\/p>\n<p>&nbsp;<\/p>\n<p>&nbsp;<\/p>\n<p><iframe loading=\"lazy\" title=\"YouTube video player\" src=\"https:\/\/www.youtube.com\/embed\/1NQKf9dllSY\" width=\"560\" height=\"315\" frameborder=\"0\" allowfullscreen=\"allowfullscreen\"><\/iframe><\/p>\n<p>&nbsp;<\/p>\n<p><a href=\"https:\/\/agora.xtec.cat\/escola-teresamiquelipamies\/wp-content\/uploads\/usu2106\/2023\/03\/collage-miro-el-mon-3-Copy.jpg\"><img loading=\"lazy\" decoding=\"async\" class=\"aligncenter wp-image-3284 size-full\" src=\"https:\/\/agora.xtec.cat\/escola-teresamiquelipamies\/wp-content\/uploads\/usu2106\/2023\/03\/collage-miro-el-mon-3-Copy.jpg\" alt=\"\" width=\"836\" height=\"627\" srcset=\"https:\/\/agora.xtec.cat\/escola-teresamiquelipamies\/wp-content\/uploads\/usu2106\/2023\/03\/collage-miro-el-mon-3-Copy.jpg 836w, https:\/\/agora.xtec.cat\/escola-teresamiquelipamies\/wp-content\/uploads\/usu2106\/2023\/03\/collage-miro-el-mon-3-Copy-300x225.jpg 300w, https:\/\/agora.xtec.cat\/escola-teresamiquelipamies\/wp-content\/uploads\/usu2106\/2023\/03\/collage-miro-el-mon-3-Copy-768x576.jpg 768w, https:\/\/agora.xtec.cat\/escola-teresamiquelipamies\/wp-content\/uploads\/usu2106\/2023\/03\/collage-miro-el-mon-3-Copy-200x150.jpg 200w\" sizes=\"auto, (max-width: 836px) 100vw, 836px\" \/><\/a> <a href=\"https:\/\/agora.xtec.cat\/escola-teresamiquelipamies\/wp-content\/uploads\/usu2106\/2023\/03\/collage-miro-el-mon1-Copy.jpg\"><img loading=\"lazy\" decoding=\"async\" class=\"aligncenter wp-image-3285 size-full\" src=\"https:\/\/agora.xtec.cat\/escola-teresamiquelipamies\/wp-content\/uploads\/usu2106\/2023\/03\/collage-miro-el-mon1-Copy.jpg\" alt=\"\" width=\"836\" height=\"627\" srcset=\"https:\/\/agora.xtec.cat\/escola-teresamiquelipamies\/wp-content\/uploads\/usu2106\/2023\/03\/collage-miro-el-mon1-Copy.jpg 836w, https:\/\/agora.xtec.cat\/escola-teresamiquelipamies\/wp-content\/uploads\/usu2106\/2023\/03\/collage-miro-el-mon1-Copy-300x225.jpg 300w, https:\/\/agora.xtec.cat\/escola-teresamiquelipamies\/wp-content\/uploads\/usu2106\/2023\/03\/collage-miro-el-mon1-Copy-768x576.jpg 768w, https:\/\/agora.xtec.cat\/escola-teresamiquelipamies\/wp-content\/uploads\/usu2106\/2023\/03\/collage-miro-el-mon1-Copy-200x150.jpg 200w\" sizes=\"auto, (max-width: 836px) 100vw, 836px\" \/><\/a> <a href=\"https:\/\/agora.xtec.cat\/escola-teresamiquelipamies\/wp-content\/uploads\/usu2106\/2023\/03\/collage-miro-el-mon-2-Copy.jpg\"><img loading=\"lazy\" decoding=\"async\" class=\"aligncenter wp-image-3286 size-full\" src=\"https:\/\/agora.xtec.cat\/escola-teresamiquelipamies\/wp-content\/uploads\/usu2106\/2023\/03\/collage-miro-el-mon-2-Copy.jpg\" alt=\"\" width=\"836\" height=\"627\" srcset=\"https:\/\/agora.xtec.cat\/escola-teresamiquelipamies\/wp-content\/uploads\/usu2106\/2023\/03\/collage-miro-el-mon-2-Copy.jpg 836w, https:\/\/agora.xtec.cat\/escola-teresamiquelipamies\/wp-content\/uploads\/usu2106\/2023\/03\/collage-miro-el-mon-2-Copy-300x225.jpg 300w, https:\/\/agora.xtec.cat\/escola-teresamiquelipamies\/wp-content\/uploads\/usu2106\/2023\/03\/collage-miro-el-mon-2-Copy-768x576.jpg 768w, https:\/\/agora.xtec.cat\/escola-teresamiquelipamies\/wp-content\/uploads\/usu2106\/2023\/03\/collage-miro-el-mon-2-Copy-200x150.jpg 200w\" sizes=\"auto, (max-width: 836px) 100vw, 836px\" \/><\/a><\/p>\n","protected":false},"excerpt":{"rendered":"<p>Aquest mes tot l\u2019alumnat de prim\u00e0ria ha tingut l\u2019oportunitat\u00a0 de presenciar el taller realitzat per la Meritxell i el Jordi, dos adults sense visi\u00f3. El Jordi va n\u00e9ixer cec i la Meritxell va perdre la visi\u00f3 ja essent adulta\u00a0 a causa d\u2019una malaltia ocular.<br \/>\n&nbsp;<br \/>\nElls dos&hellip;  <a href=\"https:\/\/agora.xtec.cat\/escola-teresamiquelipamies\/portada\/jo-miro-el-mon\/\" title=\"Read Jo miro el m\u00f3n\">Llegeix m\u00e9s\u00bb<\/a><\/p>\n","protected":false},"author":1,"featured_media":3285,"comment_status":"open","ping_status":"closed","sticky":false,"template":"","format":"standard","meta":{"_bbp_topic_count":0,"_bbp_reply_count":0,"_bbp_total_topic_count":0,"_bbp_total_reply_count":0,"_bbp_voice_count":0,"_bbp_anonymous_reply_count":0,"_bbp_topic_count_hidden":0,"_bbp_reply_count_hidden":0,"_bbp_forum_subforum_count":0,"footnotes":""},"categories":[77,4,5],"tags":[132,133,134],"class_list":["post-3283","post","type-post","status-publish","format-standard","has-post-thumbnail","hentry","category-alumnes","category-portada","category-primaria","tag-cicle-inicial","tag-cicle-mitja","tag-cicle-superior"],"post_mailing_queue_ids":[],"_links":{"self":[{"href":"https:\/\/agora.xtec.cat\/escola-teresamiquelipamies\/wp-json\/wp\/v2\/posts\/3283","targetHints":{"allow":["GET"]}}],"collection":[{"href":"https:\/\/agora.xtec.cat\/escola-teresamiquelipamies\/wp-json\/wp\/v2\/posts"}],"about":[{"href":"https:\/\/agora.xtec.cat\/escola-teresamiquelipamies\/wp-json\/wp\/v2\/types\/post"}],"author":[{"embeddable":true,"href":"https:\/\/agora.xtec.cat\/escola-teresamiquelipamies\/wp-json\/wp\/v2\/users\/1"}],"replies":[{"embeddable":true,"href":"https:\/\/agora.xtec.cat\/escola-teresamiquelipamies\/wp-json\/wp\/v2\/comments?post=3283"}],"version-history":[{"count":1,"href":"https:\/\/agora.xtec.cat\/escola-teresamiquelipamies\/wp-json\/wp\/v2\/posts\/3283\/revisions"}],"predecessor-version":[{"id":3287,"href":"https:\/\/agora.xtec.cat\/escola-teresamiquelipamies\/wp-json\/wp\/v2\/posts\/3283\/revisions\/3287"}],"wp:featuredmedia":[{"embeddable":true,"href":"https:\/\/agora.xtec.cat\/escola-teresamiquelipamies\/wp-json\/wp\/v2\/media\/3285"}],"wp:attachment":[{"href":"https:\/\/agora.xtec.cat\/escola-teresamiquelipamies\/wp-json\/wp\/v2\/media?parent=3283"}],"wp:term":[{"taxonomy":"category","embeddable":true,"href":"https:\/\/agora.xtec.cat\/escola-teresamiquelipamies\/wp-json\/wp\/v2\/categories?post=3283"},{"taxonomy":"post_tag","embeddable":true,"href":"https:\/\/agora.xtec.cat\/escola-teresamiquelipamies\/wp-json\/wp\/v2\/tags?post=3283"}],"curies":[{"name":"wp","href":"https:\/\/api.w.org\/{rel}","templated":true}]}}