{"id":3231,"date":"2023-03-08T12:43:53","date_gmt":"2023-03-08T11:43:53","guid":{"rendered":"https:\/\/agora.xtec.cat\/escola-teresamiquelipamies\/?p=3231"},"modified":"2023-03-08T12:56:31","modified_gmt":"2023-03-08T11:56:31","slug":"8m","status":"publish","type":"post","link":"https:\/\/agora.xtec.cat\/escola-teresamiquelipamies\/portada\/8m\/","title":{"rendered":"8M"},"content":{"rendered":"<p><span style=\"font-weight: 400;\">Des de l\u2019escola reivindiquem el 8 de mar\u00e7 com un dia per reflexionar sobre la igualtat de g\u00e8nere i la coeducaci\u00f3. Per aquest motiu hem donat visibilitat a diferents dones que han estat revolucionaries en algun moment de la hist\u00f2ria per la seva tasca en relaci\u00f3 a la ci\u00e8ncia, l\u2019esport, la literatura, l\u2019art, la m\u00fasica i els valors.\u00a0<\/span><\/p>\n<p>&nbsp;<\/p>\n<p><span style=\"font-weight: 400;\">Un dels nostres objectius \u00e9s que l\u2019educaci\u00f3 ens ha de fer lliures d\u2019etiquetes de g\u00e8nere i empoderar per ser all\u00f2 que vulguem ser.\u00a0<\/span><\/p>\n<p>&nbsp;<\/p>\n<p><span style=\"font-weight: 400;\">Les fam\u00edlies tamb\u00e9 podeu prendre part i esteu convidades a l\u2019exposici\u00f3 que hi haur\u00e0 al vest\u00edbul durant la setmana vinent del 13 al 17 de mar\u00e7. L\u2019horari de visita ser\u00e0 de 8:30h a 9h i de 16:30 a 17h. Us hi esperem!<\/span><\/p>\n<p><a href=\"https:\/\/agora.xtec.cat\/escola-teresamiquelipamies\/wp-content\/uploads\/usu2106\/2023\/03\/IMG_20230307_103800-Copy.jpg\"><img loading=\"lazy\" decoding=\"async\" class=\"alignnone size-medium wp-image-3232\" src=\"https:\/\/agora.xtec.cat\/escola-teresamiquelipamies\/wp-content\/uploads\/usu2106\/2023\/03\/IMG_20230307_103800-Copy-300x169.jpg\" alt=\"\" width=\"300\" height=\"169\" srcset=\"https:\/\/agora.xtec.cat\/escola-teresamiquelipamies\/wp-content\/uploads\/usu2106\/2023\/03\/IMG_20230307_103800-Copy-300x169.jpg 300w, https:\/\/agora.xtec.cat\/escola-teresamiquelipamies\/wp-content\/uploads\/usu2106\/2023\/03\/IMG_20230307_103800-Copy-768x432.jpg 768w, https:\/\/agora.xtec.cat\/escola-teresamiquelipamies\/wp-content\/uploads\/usu2106\/2023\/03\/IMG_20230307_103800-Copy.jpg 836w\" sizes=\"auto, (max-width: 300px) 100vw, 300px\" \/><\/a> <a href=\"https:\/\/agora.xtec.cat\/escola-teresamiquelipamies\/wp-content\/uploads\/usu2106\/2023\/03\/IMG_20230307_105713-Copy.jpg\"><img loading=\"lazy\" decoding=\"async\" class=\"alignnone size-medium wp-image-3233\" src=\"https:\/\/agora.xtec.cat\/escola-teresamiquelipamies\/wp-content\/uploads\/usu2106\/2023\/03\/IMG_20230307_105713-Copy-300x169.jpg\" alt=\"\" width=\"300\" height=\"169\" srcset=\"https:\/\/agora.xtec.cat\/escola-teresamiquelipamies\/wp-content\/uploads\/usu2106\/2023\/03\/IMG_20230307_105713-Copy-300x169.jpg 300w, https:\/\/agora.xtec.cat\/escola-teresamiquelipamies\/wp-content\/uploads\/usu2106\/2023\/03\/IMG_20230307_105713-Copy-768x432.jpg 768w, https:\/\/agora.xtec.cat\/escola-teresamiquelipamies\/wp-content\/uploads\/usu2106\/2023\/03\/IMG_20230307_105713-Copy.jpg 836w\" sizes=\"auto, (max-width: 300px) 100vw, 300px\" \/><\/a> <a href=\"https:\/\/agora.xtec.cat\/escola-teresamiquelipamies\/wp-content\/uploads\/usu2106\/2023\/03\/IMG-20230307-WA0027-Copy.jpg\"><img loading=\"lazy\" decoding=\"async\" class=\"alignnone size-medium wp-image-3234\" src=\"https:\/\/agora.xtec.cat\/escola-teresamiquelipamies\/wp-content\/uploads\/usu2106\/2023\/03\/IMG-20230307-WA0027-Copy-300x225.jpg\" alt=\"\" width=\"300\" height=\"225\" srcset=\"https:\/\/agora.xtec.cat\/escola-teresamiquelipamies\/wp-content\/uploads\/usu2106\/2023\/03\/IMG-20230307-WA0027-Copy-300x225.jpg 300w, https:\/\/agora.xtec.cat\/escola-teresamiquelipamies\/wp-content\/uploads\/usu2106\/2023\/03\/IMG-20230307-WA0027-Copy-768x576.jpg 768w, https:\/\/agora.xtec.cat\/escola-teresamiquelipamies\/wp-content\/uploads\/usu2106\/2023\/03\/IMG-20230307-WA0027-Copy-200x150.jpg 200w, https:\/\/agora.xtec.cat\/escola-teresamiquelipamies\/wp-content\/uploads\/usu2106\/2023\/03\/IMG-20230307-WA0027-Copy.jpg 836w\" sizes=\"auto, (max-width: 300px) 100vw, 300px\" \/><\/a> <a href=\"https:\/\/agora.xtec.cat\/escola-teresamiquelipamies\/wp-content\/uploads\/usu2106\/2023\/03\/IMG-20230307-WA0029-Copy.jpg\"><img loading=\"lazy\" decoding=\"async\" class=\"alignnone size-medium wp-image-3235\" src=\"https:\/\/agora.xtec.cat\/escola-teresamiquelipamies\/wp-content\/uploads\/usu2106\/2023\/03\/IMG-20230307-WA0029-Copy-300x225.jpg\" alt=\"\" width=\"300\" height=\"225\" srcset=\"https:\/\/agora.xtec.cat\/escola-teresamiquelipamies\/wp-content\/uploads\/usu2106\/2023\/03\/IMG-20230307-WA0029-Copy-300x225.jpg 300w, https:\/\/agora.xtec.cat\/escola-teresamiquelipamies\/wp-content\/uploads\/usu2106\/2023\/03\/IMG-20230307-WA0029-Copy-768x576.jpg 768w, https:\/\/agora.xtec.cat\/escola-teresamiquelipamies\/wp-content\/uploads\/usu2106\/2023\/03\/IMG-20230307-WA0029-Copy-200x150.jpg 200w, https:\/\/agora.xtec.cat\/escola-teresamiquelipamies\/wp-content\/uploads\/usu2106\/2023\/03\/IMG-20230307-WA0029-Copy.jpg 836w\" sizes=\"auto, (max-width: 300px) 100vw, 300px\" \/><\/a> <a href=\"https:\/\/agora.xtec.cat\/escola-teresamiquelipamies\/wp-content\/uploads\/usu2106\/2023\/03\/IMG-20230307-WA0030-Copy.jpg\"><img loading=\"lazy\" decoding=\"async\" class=\"alignnone size-medium wp-image-3236\" src=\"https:\/\/agora.xtec.cat\/escola-teresamiquelipamies\/wp-content\/uploads\/usu2106\/2023\/03\/IMG-20230307-WA0030-Copy-300x225.jpg\" alt=\"\" width=\"300\" height=\"225\" srcset=\"https:\/\/agora.xtec.cat\/escola-teresamiquelipamies\/wp-content\/uploads\/usu2106\/2023\/03\/IMG-20230307-WA0030-Copy-300x225.jpg 300w, https:\/\/agora.xtec.cat\/escola-teresamiquelipamies\/wp-content\/uploads\/usu2106\/2023\/03\/IMG-20230307-WA0030-Copy-768x576.jpg 768w, https:\/\/agora.xtec.cat\/escola-teresamiquelipamies\/wp-content\/uploads\/usu2106\/2023\/03\/IMG-20230307-WA0030-Copy-200x150.jpg 200w, https:\/\/agora.xtec.cat\/escola-teresamiquelipamies\/wp-content\/uploads\/usu2106\/2023\/03\/IMG-20230307-WA0030-Copy.jpg 836w\" sizes=\"auto, (max-width: 300px) 100vw, 300px\" \/><\/a> <a href=\"https:\/\/agora.xtec.cat\/escola-teresamiquelipamies\/wp-content\/uploads\/usu2106\/2023\/03\/Poster-8-DE-MARZO-dibujo-punos-lila-y-rojo-Copy.jpg\"><img loading=\"lazy\" decoding=\"async\" class=\"alignnone size-medium wp-image-3237\" src=\"https:\/\/agora.xtec.cat\/escola-teresamiquelipamies\/wp-content\/uploads\/usu2106\/2023\/03\/Poster-8-DE-MARZO-dibujo-punos-lila-y-rojo-Copy-212x300.jpg\" alt=\"\" width=\"212\" height=\"300\" srcset=\"https:\/\/agora.xtec.cat\/escola-teresamiquelipamies\/wp-content\/uploads\/usu2106\/2023\/03\/Poster-8-DE-MARZO-dibujo-punos-lila-y-rojo-Copy-212x300.jpg 212w, https:\/\/agora.xtec.cat\/escola-teresamiquelipamies\/wp-content\/uploads\/usu2106\/2023\/03\/Poster-8-DE-MARZO-dibujo-punos-lila-y-rojo-Copy.jpg 443w\" sizes=\"auto, (max-width: 212px) 100vw, 212px\" \/><\/a><\/p>\n","protected":false},"excerpt":{"rendered":"<p>Des de l\u2019escola reivindiquem el 8 de mar\u00e7 com un dia per reflexionar sobre la igualtat de g\u00e8nere i la coeducaci\u00f3. Per aquest motiu hem donat visibilitat a diferents dones que han estat revolucionaries en algun moment de la hist\u00f2ria per la seva tasca en&hellip;  <a href=\"https:\/\/agora.xtec.cat\/escola-teresamiquelipamies\/portada\/8m\/\" title=\"Read 8M\">Llegeix m\u00e9s\u00bb<\/a><\/p>\n","protected":false},"author":1,"featured_media":3237,"comment_status":"open","ping_status":"closed","sticky":false,"template":"","format":"standard","meta":{"_bbp_topic_count":0,"_bbp_reply_count":0,"_bbp_total_topic_count":0,"_bbp_total_reply_count":0,"_bbp_voice_count":0,"_bbp_anonymous_reply_count":0,"_bbp_topic_count_hidden":0,"_bbp_reply_count_hidden":0,"_bbp_forum_subforum_count":0,"footnotes":""},"categories":[139,4],"tags":[138],"class_list":["post-3231","post","type-post","status-publish","format-standard","has-post-thumbnail","hentry","category-coeducacio-1","category-portada","tag-coeducacio"],"post_mailing_queue_ids":[],"_links":{"self":[{"href":"https:\/\/agora.xtec.cat\/escola-teresamiquelipamies\/wp-json\/wp\/v2\/posts\/3231","targetHints":{"allow":["GET"]}}],"collection":[{"href":"https:\/\/agora.xtec.cat\/escola-teresamiquelipamies\/wp-json\/wp\/v2\/posts"}],"about":[{"href":"https:\/\/agora.xtec.cat\/escola-teresamiquelipamies\/wp-json\/wp\/v2\/types\/post"}],"author":[{"embeddable":true,"href":"https:\/\/agora.xtec.cat\/escola-teresamiquelipamies\/wp-json\/wp\/v2\/users\/1"}],"replies":[{"embeddable":true,"href":"https:\/\/agora.xtec.cat\/escola-teresamiquelipamies\/wp-json\/wp\/v2\/comments?post=3231"}],"version-history":[{"count":1,"href":"https:\/\/agora.xtec.cat\/escola-teresamiquelipamies\/wp-json\/wp\/v2\/posts\/3231\/revisions"}],"predecessor-version":[{"id":3238,"href":"https:\/\/agora.xtec.cat\/escola-teresamiquelipamies\/wp-json\/wp\/v2\/posts\/3231\/revisions\/3238"}],"wp:featuredmedia":[{"embeddable":true,"href":"https:\/\/agora.xtec.cat\/escola-teresamiquelipamies\/wp-json\/wp\/v2\/media\/3237"}],"wp:attachment":[{"href":"https:\/\/agora.xtec.cat\/escola-teresamiquelipamies\/wp-json\/wp\/v2\/media?parent=3231"}],"wp:term":[{"taxonomy":"category","embeddable":true,"href":"https:\/\/agora.xtec.cat\/escola-teresamiquelipamies\/wp-json\/wp\/v2\/categories?post=3231"},{"taxonomy":"post_tag","embeddable":true,"href":"https:\/\/agora.xtec.cat\/escola-teresamiquelipamies\/wp-json\/wp\/v2\/tags?post=3231"}],"curies":[{"name":"wp","href":"https:\/\/api.w.org\/{rel}","templated":true}]}}