{"id":3139,"date":"2023-02-08T11:36:07","date_gmt":"2023-02-08T10:36:07","guid":{"rendered":"https:\/\/agora.xtec.cat\/escola-teresamiquelipamies\/?p=3139"},"modified":"2023-02-08T11:36:07","modified_gmt":"2023-02-08T10:36:07","slug":"5th-graders-endangered-animals","status":"publish","type":"post","link":"https:\/\/agora.xtec.cat\/escola-teresamiquelipamies\/portada\/5th-graders-endangered-animals\/","title":{"rendered":"5th Graders: Endangered animals"},"content":{"rendered":"<p class=\"normal\"><span lang=\"ca\">Through our new unit we&#8217;ve learned more about endangered animals. Moreover, we&#8217;ve developed an investigation project about our favorite endangered animal. Thanks to this experience, we&#8217;ve become more aware about our natural environment and how important it is to take care of the animals of our planet.<\/span><\/p>\n<p class=\"normal\"><span lang=\"ca\">A trav\u00e9s de la nova unitat hem apr\u00e8s m\u00e9s sobre animals en perill d&#8217;extinci\u00f3. A m\u00e9s a m\u00e9s, hem desenvolupat un treball d&#8217;investigaci\u00f3 sobre el nostre animal preferit en perill d&#8217;extinci\u00f3. Gr\u00e0cies a aquesta experi\u00e8ncia som encara m\u00e9s conscients de la import\u00e0ncia de cuidar dels animals del nostre planeta.<\/span><\/p>\n<p><a href=\"https:\/\/agora.xtec.cat\/escola-teresamiquelipamies\/wp-content\/uploads\/usu2106\/2023\/02\/1675791526561.jpg\"><img loading=\"lazy\" decoding=\"async\" class=\"aligncenter wp-image-3140 size-full\" src=\"https:\/\/agora.xtec.cat\/escola-teresamiquelipamies\/wp-content\/uploads\/usu2106\/2023\/02\/1675791526561.jpg\" alt=\"\" width=\"1920\" height=\"1920\" srcset=\"https:\/\/agora.xtec.cat\/escola-teresamiquelipamies\/wp-content\/uploads\/usu2106\/2023\/02\/1675791526561.jpg 1920w, https:\/\/agora.xtec.cat\/escola-teresamiquelipamies\/wp-content\/uploads\/usu2106\/2023\/02\/1675791526561-300x300.jpg 300w, https:\/\/agora.xtec.cat\/escola-teresamiquelipamies\/wp-content\/uploads\/usu2106\/2023\/02\/1675791526561-1024x1024.jpg 1024w, https:\/\/agora.xtec.cat\/escola-teresamiquelipamies\/wp-content\/uploads\/usu2106\/2023\/02\/1675791526561-150x150.jpg 150w, https:\/\/agora.xtec.cat\/escola-teresamiquelipamies\/wp-content\/uploads\/usu2106\/2023\/02\/1675791526561-768x768.jpg 768w, https:\/\/agora.xtec.cat\/escola-teresamiquelipamies\/wp-content\/uploads\/usu2106\/2023\/02\/1675791526561-1536x1536.jpg 1536w\" sizes=\"auto, (max-width: 1920px) 100vw, 1920px\" \/><\/a><\/p>\n","protected":false},"excerpt":{"rendered":"<p>Through our new unit we&#8217;ve learned more about endangered animals. Moreover, we&#8217;ve developed an investigation project about our favorite endangered animal. Thanks to this experience, we&#8217;ve become more aware about our natural environment and how important it is to take care of the animals of&hellip;  <a href=\"https:\/\/agora.xtec.cat\/escola-teresamiquelipamies\/portada\/5th-graders-endangered-animals\/\" title=\"Read 5th Graders: Endangered animals\">Llegeix m\u00e9s\u00bb<\/a><\/p>\n","protected":false},"author":1,"featured_media":3140,"comment_status":"open","ping_status":"closed","sticky":false,"template":"","format":"standard","meta":{"_bbp_topic_count":0,"_bbp_reply_count":0,"_bbp_total_topic_count":0,"_bbp_total_reply_count":0,"_bbp_voice_count":0,"_bbp_anonymous_reply_count":0,"_bbp_topic_count_hidden":0,"_bbp_reply_count_hidden":0,"_bbp_forum_subforum_count":0,"footnotes":""},"categories":[88,77,131,4,5],"tags":[68,135,134],"class_list":["post-3139","post","type-post","status-publish","format-standard","has-post-thumbnail","hentry","category-5e-comunitat-dels-grans","category-alumnes","category-cs","category-portada","category-primaria","tag-5e","tag-angles","tag-cicle-superior"],"post_mailing_queue_ids":[],"_links":{"self":[{"href":"https:\/\/agora.xtec.cat\/escola-teresamiquelipamies\/wp-json\/wp\/v2\/posts\/3139","targetHints":{"allow":["GET"]}}],"collection":[{"href":"https:\/\/agora.xtec.cat\/escola-teresamiquelipamies\/wp-json\/wp\/v2\/posts"}],"about":[{"href":"https:\/\/agora.xtec.cat\/escola-teresamiquelipamies\/wp-json\/wp\/v2\/types\/post"}],"author":[{"embeddable":true,"href":"https:\/\/agora.xtec.cat\/escola-teresamiquelipamies\/wp-json\/wp\/v2\/users\/1"}],"replies":[{"embeddable":true,"href":"https:\/\/agora.xtec.cat\/escola-teresamiquelipamies\/wp-json\/wp\/v2\/comments?post=3139"}],"version-history":[{"count":1,"href":"https:\/\/agora.xtec.cat\/escola-teresamiquelipamies\/wp-json\/wp\/v2\/posts\/3139\/revisions"}],"predecessor-version":[{"id":3141,"href":"https:\/\/agora.xtec.cat\/escola-teresamiquelipamies\/wp-json\/wp\/v2\/posts\/3139\/revisions\/3141"}],"wp:featuredmedia":[{"embeddable":true,"href":"https:\/\/agora.xtec.cat\/escola-teresamiquelipamies\/wp-json\/wp\/v2\/media\/3140"}],"wp:attachment":[{"href":"https:\/\/agora.xtec.cat\/escola-teresamiquelipamies\/wp-json\/wp\/v2\/media?parent=3139"}],"wp:term":[{"taxonomy":"category","embeddable":true,"href":"https:\/\/agora.xtec.cat\/escola-teresamiquelipamies\/wp-json\/wp\/v2\/categories?post=3139"},{"taxonomy":"post_tag","embeddable":true,"href":"https:\/\/agora.xtec.cat\/escola-teresamiquelipamies\/wp-json\/wp\/v2\/tags?post=3139"}],"curies":[{"name":"wp","href":"https:\/\/api.w.org\/{rel}","templated":true}]}}