{"id":3090,"date":"2023-02-03T10:41:20","date_gmt":"2023-02-03T09:41:20","guid":{"rendered":"https:\/\/agora.xtec.cat\/escola-teresamiquelipamies\/?p=3090"},"modified":"2023-02-08T11:01:34","modified_gmt":"2023-02-08T10:01:34","slug":"novembre-tolerancia","status":"publish","type":"post","link":"https:\/\/agora.xtec.cat\/escola-teresamiquelipamies\/general\/novembre-tolerancia\/","title":{"rendered":"NOVEMBRE: TOLER\u00c0NCIA"},"content":{"rendered":"<p>Al mes de novembre va ser el dia internacional contra la viol\u00e8ncia de g\u00e8nere. Per tal de treballar-ho amb els alumnes vam realitzar tots els nivells l\u2019activitat<strong> \u201cSentir que s\u00ed, sentir que no\u201d<\/strong>. Cal identificar quines situacions ens fan sentir segurs o de forma agradable i quins moments no ens agraden o ens fan sentir malament. Els alumnes m\u00e9s petits ho van fer a trav\u00e9s d\u2019imatges i els m\u00e9s grans van parlar tamb\u00e9 dels recursos que tenim les persones o les decisions que podem prendre per sentir-nos millor.<\/p>\n<p>&nbsp;<\/p>\n<p>Entre totes vam inaugurar el <strong>punt lila de la nostra escola<\/strong>, com un espai fix de l\u2019escola a on es podr\u00e0 veure qu\u00e8 s\u2019est\u00e0 treballant amb els alumnes.<\/p>\n<p>&nbsp;<\/p>\n<p><a href=\"https:\/\/agora.xtec.cat\/escola-teresamiquelipamies\/wp-content\/uploads\/usu2106\/2023\/02\/Copia-de-Copia-de-IMG_20221202_120332-Copy.jpg\"><img loading=\"lazy\" decoding=\"async\" class=\"alignnone size-medium wp-image-3091\" src=\"https:\/\/agora.xtec.cat\/escola-teresamiquelipamies\/wp-content\/uploads\/usu2106\/2023\/02\/Copia-de-Copia-de-IMG_20221202_120332-Copy-300x169.jpg\" alt=\"\" width=\"300\" height=\"169\" srcset=\"https:\/\/agora.xtec.cat\/escola-teresamiquelipamies\/wp-content\/uploads\/usu2106\/2023\/02\/Copia-de-Copia-de-IMG_20221202_120332-Copy-300x169.jpg 300w, https:\/\/agora.xtec.cat\/escola-teresamiquelipamies\/wp-content\/uploads\/usu2106\/2023\/02\/Copia-de-Copia-de-IMG_20221202_120332-Copy-768x432.jpg 768w, https:\/\/agora.xtec.cat\/escola-teresamiquelipamies\/wp-content\/uploads\/usu2106\/2023\/02\/Copia-de-Copia-de-IMG_20221202_120332-Copy.jpg 836w\" sizes=\"auto, (max-width: 300px) 100vw, 300px\" \/><\/a> <a href=\"https:\/\/agora.xtec.cat\/escola-teresamiquelipamies\/wp-content\/uploads\/usu2106\/2023\/02\/Copia-de-Copia-de-IMG_20230113_104414-Copy.jpg\"><img loading=\"lazy\" decoding=\"async\" class=\"alignnone size-medium wp-image-3092\" src=\"https:\/\/agora.xtec.cat\/escola-teresamiquelipamies\/wp-content\/uploads\/usu2106\/2023\/02\/Copia-de-Copia-de-IMG_20230113_104414-Copy-300x235.jpg\" alt=\"\" width=\"300\" height=\"235\" srcset=\"https:\/\/agora.xtec.cat\/escola-teresamiquelipamies\/wp-content\/uploads\/usu2106\/2023\/02\/Copia-de-Copia-de-IMG_20230113_104414-Copy-300x235.jpg 300w, https:\/\/agora.xtec.cat\/escola-teresamiquelipamies\/wp-content\/uploads\/usu2106\/2023\/02\/Copia-de-Copia-de-IMG_20230113_104414-Copy-768x601.jpg 768w, https:\/\/agora.xtec.cat\/escola-teresamiquelipamies\/wp-content\/uploads\/usu2106\/2023\/02\/Copia-de-Copia-de-IMG_20230113_104414-Copy.jpg 801w\" sizes=\"auto, (max-width: 300px) 100vw, 300px\" \/><\/a> <a href=\"https:\/\/agora.xtec.cat\/escola-teresamiquelipamies\/wp-content\/uploads\/usu2106\/2023\/02\/Copia-de-Copia-de-IMG_20230113_104456-Copy.jpg\"><img loading=\"lazy\" decoding=\"async\" class=\"alignnone size-medium wp-image-3093\" src=\"https:\/\/agora.xtec.cat\/escola-teresamiquelipamies\/wp-content\/uploads\/usu2106\/2023\/02\/Copia-de-Copia-de-IMG_20230113_104456-Copy-300x169.jpg\" alt=\"\" width=\"300\" height=\"169\" srcset=\"https:\/\/agora.xtec.cat\/escola-teresamiquelipamies\/wp-content\/uploads\/usu2106\/2023\/02\/Copia-de-Copia-de-IMG_20230113_104456-Copy-300x169.jpg 300w, https:\/\/agora.xtec.cat\/escola-teresamiquelipamies\/wp-content\/uploads\/usu2106\/2023\/02\/Copia-de-Copia-de-IMG_20230113_104456-Copy-768x432.jpg 768w, https:\/\/agora.xtec.cat\/escola-teresamiquelipamies\/wp-content\/uploads\/usu2106\/2023\/02\/Copia-de-Copia-de-IMG_20230113_104456-Copy.jpg 836w\" sizes=\"auto, (max-width: 300px) 100vw, 300px\" \/><\/a> <a href=\"https:\/\/agora.xtec.cat\/escola-teresamiquelipamies\/wp-content\/uploads\/usu2106\/2023\/02\/Copia-de-Copia-de-IMG_20221202_120325-Copy.jpg\"><img loading=\"lazy\" decoding=\"async\" class=\"alignnone size-medium wp-image-3094\" src=\"https:\/\/agora.xtec.cat\/escola-teresamiquelipamies\/wp-content\/uploads\/usu2106\/2023\/02\/Copia-de-Copia-de-IMG_20221202_120325-Copy-219x300.jpg\" alt=\"\" width=\"219\" height=\"300\" srcset=\"https:\/\/agora.xtec.cat\/escola-teresamiquelipamies\/wp-content\/uploads\/usu2106\/2023\/02\/Copia-de-Copia-de-IMG_20221202_120325-Copy-219x300.jpg 219w, https:\/\/agora.xtec.cat\/escola-teresamiquelipamies\/wp-content\/uploads\/usu2106\/2023\/02\/Copia-de-Copia-de-IMG_20221202_120325-Copy.jpg 458w\" sizes=\"auto, (max-width: 219px) 100vw, 219px\" \/><\/a><\/p>\n","protected":false},"excerpt":{"rendered":"<p>Al mes de novembre va ser el dia internacional contra la viol\u00e8ncia de g\u00e8nere. Per tal de treballar-ho amb els alumnes vam realitzar tots els nivells l\u2019activitat \u201cSentir que s\u00ed, sentir que no\u201d. Cal identificar quines situacions ens fan sentir segurs o de forma agradable&hellip;  <a href=\"https:\/\/agora.xtec.cat\/escola-teresamiquelipamies\/general\/novembre-tolerancia\/\" title=\"Read NOVEMBRE: TOLER\u00c0NCIA\">Llegeix m\u00e9s\u00bb<\/a><\/p>\n","protected":false},"author":1,"featured_media":3094,"comment_status":"open","ping_status":"closed","sticky":false,"template":"","format":"standard","meta":{"_bbp_topic_count":0,"_bbp_reply_count":0,"_bbp_total_topic_count":0,"_bbp_total_reply_count":0,"_bbp_voice_count":0,"_bbp_anonymous_reply_count":0,"_bbp_topic_count_hidden":0,"_bbp_reply_count_hidden":0,"_bbp_forum_subforum_count":0,"footnotes":""},"categories":[139,1,4,71],"tags":[138,113],"class_list":["post-3090","post","type-post","status-publish","format-standard","has-post-thumbnail","hentry","category-coeducacio-1","category-general","category-portada","category-projectes","tag-coeducacio","tag-projectes"],"post_mailing_queue_ids":[],"_links":{"self":[{"href":"https:\/\/agora.xtec.cat\/escola-teresamiquelipamies\/wp-json\/wp\/v2\/posts\/3090","targetHints":{"allow":["GET"]}}],"collection":[{"href":"https:\/\/agora.xtec.cat\/escola-teresamiquelipamies\/wp-json\/wp\/v2\/posts"}],"about":[{"href":"https:\/\/agora.xtec.cat\/escola-teresamiquelipamies\/wp-json\/wp\/v2\/types\/post"}],"author":[{"embeddable":true,"href":"https:\/\/agora.xtec.cat\/escola-teresamiquelipamies\/wp-json\/wp\/v2\/users\/1"}],"replies":[{"embeddable":true,"href":"https:\/\/agora.xtec.cat\/escola-teresamiquelipamies\/wp-json\/wp\/v2\/comments?post=3090"}],"version-history":[{"count":1,"href":"https:\/\/agora.xtec.cat\/escola-teresamiquelipamies\/wp-json\/wp\/v2\/posts\/3090\/revisions"}],"predecessor-version":[{"id":3095,"href":"https:\/\/agora.xtec.cat\/escola-teresamiquelipamies\/wp-json\/wp\/v2\/posts\/3090\/revisions\/3095"}],"wp:featuredmedia":[{"embeddable":true,"href":"https:\/\/agora.xtec.cat\/escola-teresamiquelipamies\/wp-json\/wp\/v2\/media\/3094"}],"wp:attachment":[{"href":"https:\/\/agora.xtec.cat\/escola-teresamiquelipamies\/wp-json\/wp\/v2\/media?parent=3090"}],"wp:term":[{"taxonomy":"category","embeddable":true,"href":"https:\/\/agora.xtec.cat\/escola-teresamiquelipamies\/wp-json\/wp\/v2\/categories?post=3090"},{"taxonomy":"post_tag","embeddable":true,"href":"https:\/\/agora.xtec.cat\/escola-teresamiquelipamies\/wp-json\/wp\/v2\/tags?post=3090"}],"curies":[{"name":"wp","href":"https:\/\/api.w.org\/{rel}","templated":true}]}}