{"id":3082,"date":"2023-02-03T09:22:06","date_gmt":"2023-02-03T08:22:06","guid":{"rendered":"https:\/\/agora.xtec.cat\/escola-teresamiquelipamies\/?p=3082"},"modified":"2023-02-08T11:03:18","modified_gmt":"2023-02-08T10:03:18","slug":"gener-autoestima","status":"publish","type":"post","link":"https:\/\/agora.xtec.cat\/escola-teresamiquelipamies\/general\/gener-autoestima\/","title":{"rendered":"GENER: AUTOESTIMA"},"content":{"rendered":"<p>Tot i que constantment tothom a l\u2019escola treballem per refor\u00e7ar l\u2019autoestima dels nostres alumnes, aquest mes de gener l\u2019hem tractada a trav\u00e9s de din\u00e0miques i contes. Han consistit en identificar situacions que ens produeixen satisfacci\u00f3 amb nosaltres mateixes, valorar-nos i poder transmetre als altres all\u00f2 en que destaquen.<\/p>\n<p>&nbsp;<\/p>\n<p>Hem fet servir contes com <strong>\u201cLa clau de la felicitat\u201d<\/strong> per mostrar-nos que la felicitat est\u00e0 dins nostre i som nosaltres mateixos les persones m\u00e9s importants de les nostres vides. Tamb\u00e9 el conte <strong>\u201cEtiquetes\u201d<\/strong> per trencar amb aquelles etiquetes que ens imposen i no volem que ens defineixin. Amb els grans el conte <strong>\u201cMira per la finestra\u201d<\/strong> ens ha perm\u00e8s reflexionar sobre com ens veuen els altres i com realment sentim que som en el nostre interior.<\/p>\n<p>&nbsp;<\/p>\n<p>Tamb\u00e9 s\u2019han fet <strong>din\u00e0miques<\/strong> per destacar les nostres qualitats i les dels nostres companys. Aquest exercici sempre t\u00e9 \u00e8xit perqu\u00e8 hi ha persones que els \u00e9s dif\u00edcil parlar sobre la seva identitat. Tamb\u00e9, que es reconeguin entre el grup classe permet fer pinya i equip.<\/p>\n<p><a href=\"https:\/\/agora.xtec.cat\/escola-teresamiquelipamies\/wp-content\/uploads\/usu2106\/2023\/02\/Copia-de-Copia-de-IMG_20230118_115409-Copy.jpg\"><img loading=\"lazy\" decoding=\"async\" class=\"alignnone size-medium wp-image-3083\" src=\"https:\/\/agora.xtec.cat\/escola-teresamiquelipamies\/wp-content\/uploads\/usu2106\/2023\/02\/Copia-de-Copia-de-IMG_20230118_115409-Copy-300x169.jpg\" alt=\"\" width=\"300\" height=\"169\" srcset=\"https:\/\/agora.xtec.cat\/escola-teresamiquelipamies\/wp-content\/uploads\/usu2106\/2023\/02\/Copia-de-Copia-de-IMG_20230118_115409-Copy-300x169.jpg 300w, https:\/\/agora.xtec.cat\/escola-teresamiquelipamies\/wp-content\/uploads\/usu2106\/2023\/02\/Copia-de-Copia-de-IMG_20230118_115409-Copy-768x432.jpg 768w, https:\/\/agora.xtec.cat\/escola-teresamiquelipamies\/wp-content\/uploads\/usu2106\/2023\/02\/Copia-de-Copia-de-IMG_20230118_115409-Copy.jpg 836w\" sizes=\"auto, (max-width: 300px) 100vw, 300px\" \/><\/a> <a href=\"https:\/\/agora.xtec.cat\/escola-teresamiquelipamies\/wp-content\/uploads\/usu2106\/2023\/02\/Copia-de-Copia-de-IMG_20230202_081611-Copy.jpg\"><img loading=\"lazy\" decoding=\"async\" class=\"alignnone size-medium wp-image-3084\" src=\"https:\/\/agora.xtec.cat\/escola-teresamiquelipamies\/wp-content\/uploads\/usu2106\/2023\/02\/Copia-de-Copia-de-IMG_20230202_081611-Copy-300x169.jpg\" alt=\"\" width=\"300\" height=\"169\" srcset=\"https:\/\/agora.xtec.cat\/escola-teresamiquelipamies\/wp-content\/uploads\/usu2106\/2023\/02\/Copia-de-Copia-de-IMG_20230202_081611-Copy-300x169.jpg 300w, https:\/\/agora.xtec.cat\/escola-teresamiquelipamies\/wp-content\/uploads\/usu2106\/2023\/02\/Copia-de-Copia-de-IMG_20230202_081611-Copy-768x432.jpg 768w, https:\/\/agora.xtec.cat\/escola-teresamiquelipamies\/wp-content\/uploads\/usu2106\/2023\/02\/Copia-de-Copia-de-IMG_20230202_081611-Copy.jpg 836w\" sizes=\"auto, (max-width: 300px) 100vw, 300px\" \/><\/a> <a href=\"https:\/\/agora.xtec.cat\/escola-teresamiquelipamies\/wp-content\/uploads\/usu2106\/2023\/02\/Copia-de-Copia-de-IMG-20230201-WA0017-Copy.jpg\"><img loading=\"lazy\" decoding=\"async\" class=\"alignnone size-medium wp-image-3085\" src=\"https:\/\/agora.xtec.cat\/escola-teresamiquelipamies\/wp-content\/uploads\/usu2106\/2023\/02\/Copia-de-Copia-de-IMG-20230201-WA0017-Copy-300x225.jpg\" alt=\"\" width=\"300\" height=\"225\" srcset=\"https:\/\/agora.xtec.cat\/escola-teresamiquelipamies\/wp-content\/uploads\/usu2106\/2023\/02\/Copia-de-Copia-de-IMG-20230201-WA0017-Copy-300x225.jpg 300w, https:\/\/agora.xtec.cat\/escola-teresamiquelipamies\/wp-content\/uploads\/usu2106\/2023\/02\/Copia-de-Copia-de-IMG-20230201-WA0017-Copy-768x576.jpg 768w, https:\/\/agora.xtec.cat\/escola-teresamiquelipamies\/wp-content\/uploads\/usu2106\/2023\/02\/Copia-de-Copia-de-IMG-20230201-WA0017-Copy-200x150.jpg 200w, https:\/\/agora.xtec.cat\/escola-teresamiquelipamies\/wp-content\/uploads\/usu2106\/2023\/02\/Copia-de-Copia-de-IMG-20230201-WA0017-Copy.jpg 836w\" sizes=\"auto, (max-width: 300px) 100vw, 300px\" \/><\/a> <a href=\"https:\/\/agora.xtec.cat\/escola-teresamiquelipamies\/wp-content\/uploads\/usu2106\/2023\/02\/Copia-de-Copia-de-IMG-20230201-WA0026-Copy.jpg\"><img loading=\"lazy\" decoding=\"async\" class=\"alignnone size-medium wp-image-3086\" src=\"https:\/\/agora.xtec.cat\/escola-teresamiquelipamies\/wp-content\/uploads\/usu2106\/2023\/02\/Copia-de-Copia-de-IMG-20230201-WA0026-Copy-225x300.jpg\" alt=\"\" width=\"225\" height=\"300\" srcset=\"https:\/\/agora.xtec.cat\/escola-teresamiquelipamies\/wp-content\/uploads\/usu2106\/2023\/02\/Copia-de-Copia-de-IMG-20230201-WA0026-Copy-225x300.jpg 225w, https:\/\/agora.xtec.cat\/escola-teresamiquelipamies\/wp-content\/uploads\/usu2106\/2023\/02\/Copia-de-Copia-de-IMG-20230201-WA0026-Copy.jpg 470w\" sizes=\"auto, (max-width: 225px) 100vw, 225px\" \/><\/a> <a href=\"https:\/\/agora.xtec.cat\/escola-teresamiquelipamies\/wp-content\/uploads\/usu2106\/2023\/02\/Copia-de-Copia-de-IMG_20230117_090434-Copy-rotated.jpg\"><img loading=\"lazy\" decoding=\"async\" class=\"alignnone size-medium wp-image-3087\" src=\"https:\/\/agora.xtec.cat\/escola-teresamiquelipamies\/wp-content\/uploads\/usu2106\/2023\/02\/Copia-de-Copia-de-IMG_20230117_090434-Copy-169x300.jpg\" alt=\"\" width=\"169\" height=\"300\" srcset=\"https:\/\/agora.xtec.cat\/escola-teresamiquelipamies\/wp-content\/uploads\/usu2106\/2023\/02\/Copia-de-Copia-de-IMG_20230117_090434-Copy-169x300.jpg 169w, https:\/\/agora.xtec.cat\/escola-teresamiquelipamies\/wp-content\/uploads\/usu2106\/2023\/02\/Copia-de-Copia-de-IMG_20230117_090434-Copy-rotated.jpg 470w\" sizes=\"auto, (max-width: 169px) 100vw, 169px\" \/><\/a> <a href=\"https:\/\/agora.xtec.cat\/escola-teresamiquelipamies\/wp-content\/uploads\/usu2106\/2023\/02\/Copia-de-Copia-de-IMG_20230118_115027-Copy-rotated.jpg\"><img loading=\"lazy\" decoding=\"async\" class=\"alignnone size-medium wp-image-3088\" src=\"https:\/\/agora.xtec.cat\/escola-teresamiquelipamies\/wp-content\/uploads\/usu2106\/2023\/02\/Copia-de-Copia-de-IMG_20230118_115027-Copy-169x300.jpg\" alt=\"\" width=\"169\" height=\"300\" srcset=\"https:\/\/agora.xtec.cat\/escola-teresamiquelipamies\/wp-content\/uploads\/usu2106\/2023\/02\/Copia-de-Copia-de-IMG_20230118_115027-Copy-169x300.jpg 169w, https:\/\/agora.xtec.cat\/escola-teresamiquelipamies\/wp-content\/uploads\/usu2106\/2023\/02\/Copia-de-Copia-de-IMG_20230118_115027-Copy-rotated.jpg 470w\" sizes=\"auto, (max-width: 169px) 100vw, 169px\" \/><\/a><\/p>\n","protected":false},"excerpt":{"rendered":"<p>Tot i que constantment tothom a l\u2019escola treballem per refor\u00e7ar l\u2019autoestima dels nostres alumnes, aquest mes de gener l\u2019hem tractada a trav\u00e9s de din\u00e0miques i contes. Han consistit en identificar situacions que ens produeixen satisfacci\u00f3 amb nosaltres mateixes, valorar-nos i poder transmetre als altres all\u00f2&hellip;  <a href=\"https:\/\/agora.xtec.cat\/escola-teresamiquelipamies\/general\/gener-autoestima\/\" title=\"Read GENER: AUTOESTIMA\">Llegeix m\u00e9s\u00bb<\/a><\/p>\n","protected":false},"author":1,"featured_media":3084,"comment_status":"open","ping_status":"closed","sticky":false,"template":"","format":"standard","meta":{"_bbp_topic_count":0,"_bbp_reply_count":0,"_bbp_total_topic_count":0,"_bbp_total_reply_count":0,"_bbp_voice_count":0,"_bbp_anonymous_reply_count":0,"_bbp_topic_count_hidden":0,"_bbp_reply_count_hidden":0,"_bbp_forum_subforum_count":0,"footnotes":""},"categories":[139,1,4,71],"tags":[138,113],"class_list":["post-3082","post","type-post","status-publish","format-standard","has-post-thumbnail","hentry","category-coeducacio-1","category-general","category-portada","category-projectes","tag-coeducacio","tag-projectes"],"post_mailing_queue_ids":[],"_links":{"self":[{"href":"https:\/\/agora.xtec.cat\/escola-teresamiquelipamies\/wp-json\/wp\/v2\/posts\/3082","targetHints":{"allow":["GET"]}}],"collection":[{"href":"https:\/\/agora.xtec.cat\/escola-teresamiquelipamies\/wp-json\/wp\/v2\/posts"}],"about":[{"href":"https:\/\/agora.xtec.cat\/escola-teresamiquelipamies\/wp-json\/wp\/v2\/types\/post"}],"author":[{"embeddable":true,"href":"https:\/\/agora.xtec.cat\/escola-teresamiquelipamies\/wp-json\/wp\/v2\/users\/1"}],"replies":[{"embeddable":true,"href":"https:\/\/agora.xtec.cat\/escola-teresamiquelipamies\/wp-json\/wp\/v2\/comments?post=3082"}],"version-history":[{"count":1,"href":"https:\/\/agora.xtec.cat\/escola-teresamiquelipamies\/wp-json\/wp\/v2\/posts\/3082\/revisions"}],"predecessor-version":[{"id":3089,"href":"https:\/\/agora.xtec.cat\/escola-teresamiquelipamies\/wp-json\/wp\/v2\/posts\/3082\/revisions\/3089"}],"wp:featuredmedia":[{"embeddable":true,"href":"https:\/\/agora.xtec.cat\/escola-teresamiquelipamies\/wp-json\/wp\/v2\/media\/3084"}],"wp:attachment":[{"href":"https:\/\/agora.xtec.cat\/escola-teresamiquelipamies\/wp-json\/wp\/v2\/media?parent=3082"}],"wp:term":[{"taxonomy":"category","embeddable":true,"href":"https:\/\/agora.xtec.cat\/escola-teresamiquelipamies\/wp-json\/wp\/v2\/categories?post=3082"},{"taxonomy":"post_tag","embeddable":true,"href":"https:\/\/agora.xtec.cat\/escola-teresamiquelipamies\/wp-json\/wp\/v2\/tags?post=3082"}],"curies":[{"name":"wp","href":"https:\/\/api.w.org\/{rel}","templated":true}]}}