{"id":2591,"date":"2022-10-03T11:25:01","date_gmt":"2022-10-03T09:25:01","guid":{"rendered":"https:\/\/agora.xtec.cat\/escola-teresamiquelipamies\/?p=2591"},"modified":"2022-10-03T11:25:01","modified_gmt":"2022-10-03T09:25:01","slug":"first-days-of-class-4t","status":"publish","type":"post","link":"https:\/\/agora.xtec.cat\/escola-teresamiquelipamies\/portada\/first-days-of-class-4t\/","title":{"rendered":"First days of class (4t)"},"content":{"rendered":"<p><span style=\"font-weight: 400;\">4th grade: First days of class<\/span><\/p>\n<p><span style=\"font-weight: 400;\">Our first days of class have been amazing! We discovered more about ourselves and our classmates through the &#8220;All about me&#8221; board game. We played &#8220;Guess who&#8221; using our own &#8220;all about me&#8221; mini books. And we also wondered about our 4th grade course completing the &#8220;backpack&#8221; journals. We are ready for a new adventure!\u00a0<\/span><\/p>\n<p>&nbsp;<\/p>\n<p><span style=\"font-weight: 400;\">Els nostres primers dies de classe han estat incre\u00efbles! Hem descobert m\u00e9s sobre nosaltres i els\/les nostres companys\/es jugant al joc de taula &#8220;All about me&#8221;. Hem jugat al &#8220;Qui \u00e9s qui?&#8221; fent servir els nostres mini llibres sobre el &#8220;All about me&#8221;. I tamb\u00e9 hem imaginat com ser\u00e0 el nostre 4t curs completant les nostres motxilles de paper. Ara s\u00ed que estem llestos per a una nova aventura!<\/span><\/p>\n<p>&nbsp;<\/p>\n<p><a href=\"https:\/\/agora.xtec.cat\/escola-teresamiquelipamies\/wp-content\/uploads\/usu2106\/2022\/10\/Sin-titulo.jfjer1232..jpg\"><img loading=\"lazy\" decoding=\"async\" class=\"aligncenter wp-image-2592 size-full\" src=\"https:\/\/agora.xtec.cat\/escola-teresamiquelipamies\/wp-content\/uploads\/usu2106\/2022\/10\/Sin-titulo.jfjer1232..jpg\" alt=\"\" width=\"423\" height=\"423\" srcset=\"https:\/\/agora.xtec.cat\/escola-teresamiquelipamies\/wp-content\/uploads\/usu2106\/2022\/10\/Sin-titulo.jfjer1232..jpg 423w, https:\/\/agora.xtec.cat\/escola-teresamiquelipamies\/wp-content\/uploads\/usu2106\/2022\/10\/Sin-titulo.jfjer1232.-300x300.jpg 300w, https:\/\/agora.xtec.cat\/escola-teresamiquelipamies\/wp-content\/uploads\/usu2106\/2022\/10\/Sin-titulo.jfjer1232.-150x150.jpg 150w\" sizes=\"auto, (max-width: 423px) 100vw, 423px\" \/><\/a><\/p>\n","protected":false},"excerpt":{"rendered":"<p>4th grade: First days of class<br \/>\nOur first days of class have been amazing! We discovered more about ourselves and our classmates through the &#8220;All about me&#8221; board game. We played &#8220;Guess who&#8221; using our own &#8220;all about me&#8221; mini books. And we also wondered about&hellip;  <a href=\"https:\/\/agora.xtec.cat\/escola-teresamiquelipamies\/portada\/first-days-of-class-4t\/\" title=\"Read First days of class (4t)\">Llegeix m\u00e9s\u00bb<\/a><\/p>\n","protected":false},"author":1,"featured_media":2592,"comment_status":"open","ping_status":"closed","sticky":false,"template":"","format":"standard","meta":{"_bbp_topic_count":0,"_bbp_reply_count":0,"_bbp_total_topic_count":0,"_bbp_total_reply_count":0,"_bbp_voice_count":0,"_bbp_anonymous_reply_count":0,"_bbp_topic_count_hidden":0,"_bbp_reply_count_hidden":0,"_bbp_forum_subforum_count":0,"footnotes":""},"categories":[88,77,131,4],"tags":[67,118,135,133],"class_list":["post-2591","post","type-post","status-publish","format-standard","has-post-thumbnail","hentry","category-5e-comunitat-dels-grans","category-alumnes","category-cs","category-portada","tag-4t","tag-alumnes","tag-angles","tag-cicle-mitja"],"post_mailing_queue_ids":[],"_links":{"self":[{"href":"https:\/\/agora.xtec.cat\/escola-teresamiquelipamies\/wp-json\/wp\/v2\/posts\/2591","targetHints":{"allow":["GET"]}}],"collection":[{"href":"https:\/\/agora.xtec.cat\/escola-teresamiquelipamies\/wp-json\/wp\/v2\/posts"}],"about":[{"href":"https:\/\/agora.xtec.cat\/escola-teresamiquelipamies\/wp-json\/wp\/v2\/types\/post"}],"author":[{"embeddable":true,"href":"https:\/\/agora.xtec.cat\/escola-teresamiquelipamies\/wp-json\/wp\/v2\/users\/1"}],"replies":[{"embeddable":true,"href":"https:\/\/agora.xtec.cat\/escola-teresamiquelipamies\/wp-json\/wp\/v2\/comments?post=2591"}],"version-history":[{"count":1,"href":"https:\/\/agora.xtec.cat\/escola-teresamiquelipamies\/wp-json\/wp\/v2\/posts\/2591\/revisions"}],"predecessor-version":[{"id":2593,"href":"https:\/\/agora.xtec.cat\/escola-teresamiquelipamies\/wp-json\/wp\/v2\/posts\/2591\/revisions\/2593"}],"wp:featuredmedia":[{"embeddable":true,"href":"https:\/\/agora.xtec.cat\/escola-teresamiquelipamies\/wp-json\/wp\/v2\/media\/2592"}],"wp:attachment":[{"href":"https:\/\/agora.xtec.cat\/escola-teresamiquelipamies\/wp-json\/wp\/v2\/media?parent=2591"}],"wp:term":[{"taxonomy":"category","embeddable":true,"href":"https:\/\/agora.xtec.cat\/escola-teresamiquelipamies\/wp-json\/wp\/v2\/categories?post=2591"},{"taxonomy":"post_tag","embeddable":true,"href":"https:\/\/agora.xtec.cat\/escola-teresamiquelipamies\/wp-json\/wp\/v2\/tags?post=2591"}],"curies":[{"name":"wp","href":"https:\/\/api.w.org\/{rel}","templated":true}]}}