{"id":989,"date":"2017-10-02T13:42:00","date_gmt":"2017-10-02T11:42:00","guid":{"rendered":"http:\/\/agora.xtec.cat\/escola-solivent\/?p=989"},"modified":"2017-10-10T13:28:39","modified_gmt":"2017-10-10T11:28:39","slug":"dema-3-doctubre-vaga","status":"publish","type":"post","link":"https:\/\/agora.xtec.cat\/escola-solivent\/general\/dema-3-doctubre-vaga\/","title":{"rendered":"No a la viol\u00e8ncia"},"content":{"rendered":"<p>Benvolgudes fam\u00edlies,<br \/>\nSempre hem treballat a les nostres escoles partint del principi que amb viol\u00e8ncia no se solucionen els conflictes. Per tant, coherents amb aquest principi i vista la barb\u00e0rie dels cossos policials estatals, hem de respondre-hi tancant l&#8217;escola. L&#8217;alumnat, la societat, la resta de l\u2019Estat, Europa i el m\u00f3n sencer ha de ser testimoni que no ens quedarem callats i acceptarem com guanya la for\u00e7a davant la ra\u00f3.<br \/>\nAix\u00ed doncs, <strong>dem\u00e0 3 d\u2019octubre no hi haur\u00e0 classes<\/strong> per tal d\u2019ensenyar que la resposta pac\u00edfica a les agressions no \u00e9s nom\u00e9s un dret sin\u00f3 un deure.<br \/>\nEl claustre de l\u2019escola Sol i Vent de Vilafant.<\/p>\n<p>&nbsp;<\/p>\n<p>AVUI DIA 2 D\u2019OCTUBRE, A LES 12H. tota la comunitat educativa ha fet una concentraci\u00f3 silenciosa al pati en homenatge als ferits d\u2019ahir.<\/p>\n<p><a href=\"http:\/\/agora.xtec.cat\/escola-solivent\/wp-content\/uploads\/usu1558\/2017\/10\/IMG_7951d.jpg\"><img loading=\"lazy\" decoding=\"async\" class=\"aligncenter size-medium wp-image-990\" src=\"http:\/\/agora.xtec.cat\/escola-solivent\/wp-content\/uploads\/usu1558\/2017\/10\/IMG_7951d-300x225.jpg\" alt=\"\" width=\"300\" height=\"225\" srcset=\"https:\/\/agora.xtec.cat\/escola-solivent\/wp-content\/uploads\/usu1558\/2017\/10\/IMG_7951d-300x225.jpg 300w, https:\/\/agora.xtec.cat\/escola-solivent\/wp-content\/uploads\/usu1558\/2017\/10\/IMG_7951d-768x576.jpg 768w, https:\/\/agora.xtec.cat\/escola-solivent\/wp-content\/uploads\/usu1558\/2017\/10\/IMG_7951d-1024x768.jpg 1024w, https:\/\/agora.xtec.cat\/escola-solivent\/wp-content\/uploads\/usu1558\/2017\/10\/IMG_7951d-200x150.jpg 200w\" sizes=\"auto, (max-width: 300px) 100vw, 300px\" \/><\/a><\/p>\n","protected":false},"excerpt":{"rendered":"<p>Benvolgudes fam\u00edlies,<br \/>\nSempre hem treballat a les nostres escoles partint del principi que amb viol\u00e8ncia no se solucionen els conflictes. Per tant, coherents amb aquest principi i vista la barb\u00e0rie dels cossos policials estatals, hem de respondre-hi tancant l&#8217;escola. L&#8217;alumnat, la societat, la resta de l\u2019Estat,&hellip;  <a href=\"https:\/\/agora.xtec.cat\/escola-solivent\/general\/dema-3-doctubre-vaga\/\" title=\"Read No a la viol\u00e8ncia\">Llegeix m\u00e9s\u00bb<\/a><\/p>\n","protected":false},"author":1,"featured_media":990,"comment_status":"open","ping_status":"closed","sticky":false,"template":"","format":"standard","meta":{"_bbp_topic_count":0,"_bbp_reply_count":0,"_bbp_total_topic_count":0,"_bbp_total_reply_count":0,"_bbp_voice_count":0,"_bbp_anonymous_reply_count":0,"_bbp_topic_count_hidden":0,"_bbp_reply_count_hidden":0,"_bbp_forum_subforum_count":0,"footnotes":""},"categories":[1,2,4,5],"tags":[],"class_list":["post-989","post","type-post","status-publish","format-standard","has-post-thumbnail","hentry","category-general","category-infantil","category-portada","category-primaria"],"post_mailing_queue_ids":[],"_links":{"self":[{"href":"https:\/\/agora.xtec.cat\/escola-solivent\/wp-json\/wp\/v2\/posts\/989","targetHints":{"allow":["GET"]}}],"collection":[{"href":"https:\/\/agora.xtec.cat\/escola-solivent\/wp-json\/wp\/v2\/posts"}],"about":[{"href":"https:\/\/agora.xtec.cat\/escola-solivent\/wp-json\/wp\/v2\/types\/post"}],"author":[{"embeddable":true,"href":"https:\/\/agora.xtec.cat\/escola-solivent\/wp-json\/wp\/v2\/users\/1"}],"replies":[{"embeddable":true,"href":"https:\/\/agora.xtec.cat\/escola-solivent\/wp-json\/wp\/v2\/comments?post=989"}],"version-history":[{"count":3,"href":"https:\/\/agora.xtec.cat\/escola-solivent\/wp-json\/wp\/v2\/posts\/989\/revisions"}],"predecessor-version":[{"id":1004,"href":"https:\/\/agora.xtec.cat\/escola-solivent\/wp-json\/wp\/v2\/posts\/989\/revisions\/1004"}],"wp:featuredmedia":[{"embeddable":true,"href":"https:\/\/agora.xtec.cat\/escola-solivent\/wp-json\/wp\/v2\/media\/990"}],"wp:attachment":[{"href":"https:\/\/agora.xtec.cat\/escola-solivent\/wp-json\/wp\/v2\/media?parent=989"}],"wp:term":[{"taxonomy":"category","embeddable":true,"href":"https:\/\/agora.xtec.cat\/escola-solivent\/wp-json\/wp\/v2\/categories?post=989"},{"taxonomy":"post_tag","embeddable":true,"href":"https:\/\/agora.xtec.cat\/escola-solivent\/wp-json\/wp\/v2\/tags?post=989"}],"curies":[{"name":"wp","href":"https:\/\/api.w.org\/{rel}","templated":true}]}}