{"id":860,"date":"2017-07-03T10:21:45","date_gmt":"2017-07-03T08:21:45","guid":{"rendered":"http:\/\/agora.xtec.cat\/escola-solivent\/?p=860"},"modified":"2017-07-03T10:21:45","modified_gmt":"2017-07-03T08:21:45","slug":"cantania-2017-la-nit-dels-malsons","status":"publish","type":"post","link":"https:\/\/agora.xtec.cat\/escola-solivent\/general\/cantania-2017-la-nit-dels-malsons\/","title":{"rendered":"CANT\u00c0NIA 2017:  LA NIT DELS MALSONS"},"content":{"rendered":"<p>El passat 21 de maig els alumnes de 5\u00e8 de cicle superior van participar a la Cant\u00e0nia 2017: \u201cLa nit dels malsons.\u201d<\/p>\n<p>La composici\u00f3 d\u2019aquest any \u00e9s obra de \u00a0la dramaturga Marta Buchaca i el compositor \u00c0lex Mart\u00ednez i ens explicaran com en Lluc, un nen de nou anys molt poruc, apr\u00e8n a conviure amb els seus temors gr\u00e0cies a una experi\u00e8ncia sorprenent la nit abans de marxar de col\u00f2nies. Quan en Lluc est\u00e0 a punt d\u2019adormir-se, la Guardiana de la Por es cola a la seva habitaci\u00f3 per la finestra. Aquest personatge vetlla perqu\u00e8 la por no desaparegui del m\u00f3n, i vol fer entendre a en Lluc que tenir por no \u00e9s dolent. Mitjan\u00e7ant un viatge a trav\u00e9s dels malsons de diferents persones que en Lluc coneix molt b\u00e9, li far\u00e0 veure que hi ha molts tipus de por i que tenir-ne no \u00e9s for\u00e7osament un defecte.<\/p>\n<p>Va ser una experi\u00e8ncia molt positiva i enriquidora.<\/p>\n<p><iframe loading=\"lazy\" src=\"\/\/www.youtube.com\/embed\/HyUdOEvO3Ms\" width=\"560\" height=\"314\" allowfullscreen=\"allowfullscreen\"><\/iframe><\/p>\n<p style=\"text-align: center;\">\n","protected":false},"excerpt":{"rendered":"<p>El passat 21 de maig els alumnes de 5\u00e8 de cicle superior van participar a la Cant\u00e0nia 2017: \u201cLa nit dels malsons.\u201d<br \/>\nLa composici\u00f3 d\u2019aquest any \u00e9s obra de \u00a0la dramaturga Marta Buchaca i el compositor \u00c0lex Mart\u00ednez i ens explicaran com en Lluc, un nen&hellip;  <a href=\"https:\/\/agora.xtec.cat\/escola-solivent\/general\/cantania-2017-la-nit-dels-malsons\/\" title=\"Read CANT\u00c0NIA 2017:  LA NIT DELS MALSONS\">Llegeix m\u00e9s\u00bb<\/a><\/p>\n","protected":false},"author":1,"featured_media":0,"comment_status":"open","ping_status":"closed","sticky":false,"template":"","format":"standard","meta":{"_bbp_topic_count":0,"_bbp_reply_count":0,"_bbp_total_topic_count":0,"_bbp_total_reply_count":0,"_bbp_voice_count":0,"_bbp_anonymous_reply_count":0,"_bbp_topic_count_hidden":0,"_bbp_reply_count_hidden":0,"_bbp_forum_subforum_count":0,"footnotes":""},"categories":[14,1,4,5],"tags":[85,76],"class_list":["post-860","post","type-post","status-publish","format-standard","hentry","category-5e","category-general","category-portada","category-primaria","tag-cantania","tag-musica"],"post_mailing_queue_ids":[],"_links":{"self":[{"href":"https:\/\/agora.xtec.cat\/escola-solivent\/wp-json\/wp\/v2\/posts\/860","targetHints":{"allow":["GET"]}}],"collection":[{"href":"https:\/\/agora.xtec.cat\/escola-solivent\/wp-json\/wp\/v2\/posts"}],"about":[{"href":"https:\/\/agora.xtec.cat\/escola-solivent\/wp-json\/wp\/v2\/types\/post"}],"author":[{"embeddable":true,"href":"https:\/\/agora.xtec.cat\/escola-solivent\/wp-json\/wp\/v2\/users\/1"}],"replies":[{"embeddable":true,"href":"https:\/\/agora.xtec.cat\/escola-solivent\/wp-json\/wp\/v2\/comments?post=860"}],"version-history":[{"count":2,"href":"https:\/\/agora.xtec.cat\/escola-solivent\/wp-json\/wp\/v2\/posts\/860\/revisions"}],"predecessor-version":[{"id":864,"href":"https:\/\/agora.xtec.cat\/escola-solivent\/wp-json\/wp\/v2\/posts\/860\/revisions\/864"}],"wp:attachment":[{"href":"https:\/\/agora.xtec.cat\/escola-solivent\/wp-json\/wp\/v2\/media?parent=860"}],"wp:term":[{"taxonomy":"category","embeddable":true,"href":"https:\/\/agora.xtec.cat\/escola-solivent\/wp-json\/wp\/v2\/categories?post=860"},{"taxonomy":"post_tag","embeddable":true,"href":"https:\/\/agora.xtec.cat\/escola-solivent\/wp-json\/wp\/v2\/tags?post=860"}],"curies":[{"name":"wp","href":"https:\/\/api.w.org\/{rel}","templated":true}]}}