{"id":771,"date":"2017-06-05T11:11:00","date_gmt":"2017-06-05T09:11:00","guid":{"rendered":"http:\/\/agora.xtec.cat\/escola-solivent\/?p=771"},"modified":"2017-06-12T11:14:43","modified_gmt":"2017-06-12T09:14:43","slug":"la-classe-de-primer-observa-els-cucs-de-seda","status":"publish","type":"post","link":"https:\/\/agora.xtec.cat\/escola-solivent\/general\/la-classe-de-primer-observa-els-cucs-de-seda\/","title":{"rendered":"LA CLASSE DE PRIMER OBSERVA ELS CUCS DE SEDA"},"content":{"rendered":"<p align=\"justify\"><span style=\"font-family: Arial, sans-serif;\"><span style=\"font-size: large;\">La Laia va portar cucs de seda en una capsa de sabates i tots vam poder observar el cicle evolutiu del cuc i donar menjar a les erugues (fulles de morera que coll\u00edem al pati).<\/span><\/span><\/p>\n<p align=\"justify\"><span style=\"font-family: Arial, sans-serif;\"><span style=\"font-size: large;\">El cicle evolutiu del cuc de seda dura aproximadament uns 60 dies, i va des del naixement i desenvolupament de l&#8217;eruga, fins que la papallona pon els ous i mor.<\/span><\/span><\/p>\n<p align=\"justify\"><span style=\"font-family: Arial, sans-serif;\"><span style=\"font-size: large;\"><b>FASES:<\/b><\/span><\/span><\/p>\n<p align=\"justify\"><span style=\"font-family: Arial, sans-serif;\"><span style=\"font-size: medium;\">. ou<\/span><\/span><\/p>\n<p align=\"justify\"><span style=\"font-family: Arial, sans-serif;\"><span style=\"font-size: medium;\">. eruga<\/span><\/span><\/p>\n<p align=\"justify\"><span style=\"font-family: Arial, sans-serif;\"><span style=\"font-size: medium;\">. cris\u00e0lide<\/span><\/span><\/p>\n<p align=\"justify\"><span style=\"font-family: Arial, sans-serif;\"><span style=\"font-size: medium;\">. papallona<\/span><\/span><\/p>\n<h3 class=\"western\" align=\"justify\"><span style=\"font-family: Arial, sans-serif;\"><span style=\"font-size: large;\">Primera fase: l&#8217;ou <\/span><\/span><\/h3>\n<p align=\"justify\"><span style=\"font-family: Arial, sans-serif;\"><span style=\"font-size: large;\">Els ous acabats de pondre tenen un aspecte tou i s\u00f3n de color groc.<br \/>\nTriguen entre 15 i 20 dies a fer l&#8217;eclosi\u00f3 i de dins dels ous surten unes petites larves de color gris fosc, peludes d&#8217;uns 3 mm de longitud. <\/span><\/span><\/p>\n<h3 class=\"western\" align=\"justify\"><span style=\"font-family: Arial, sans-serif;\"><span style=\"font-size: large;\">Segona fase: l&#8217;eruga <\/span><\/span><\/h3>\n<p align=\"justify\"><span style=\"font-family: Arial, sans-serif;\"><span style=\"font-size: large;\">acabades de sortir de l&#8217;ou les erugues s\u00f3n fosques i petites. El seu <\/span><\/span><strong><span style=\"font-family: Arial, sans-serif;\"><span style=\"font-size: large;\">primer<\/span><\/span><\/strong> <strong><span style=\"font-family: Arial, sans-serif;\"><span style=\"font-size: large;\">aliment<\/span><\/span><\/strong><b> <\/b><span style=\"font-family: Arial, sans-serif;\"><span style=\"font-size: large;\">\u00e9s la closca de l&#8217;ou, molt rica i nutritiva. Nom\u00e9s es mengen el foradet per on surten. Despr\u00e9s menjaran fulles tendres de morera.<\/span><\/span><\/p>\n<p align=\"justify\"><a name=\"CAMBI\"><\/a><span style=\"font-family: Arial, sans-serif;\"><span style=\"font-size: large;\">Quan fa sis dies que ha nascut deixa de menjar, aixeca el cap i es queda aix\u00ed durant un dia i llavors la pell del cuc es trenca i surt el cuc ja m\u00e9s gran i format. Aix\u00f2 ho far\u00e0 tres vegades i anir\u00e0 creixent i canviant de color fins que s\u00f3n blancs. Quan tenen uns 25 dies ja fan uns 8 cm i cada dos dies doblen el pes i el volum. Fins que estan a punt per a fer el capoll. Els cucs tenen a sota la boca la <\/span><\/span><strong><span style=\"font-family: Arial, sans-serif;\"><span style=\"font-size: large;\"><i>&#8220;trompa de seda&#8221;<\/i><\/span><\/span><\/strong><i> <\/i><span style=\"font-family: Arial, sans-serif;\"><span style=\"font-size: large;\">que \u00e9s un forat per on surt el fil de seda.<\/span><\/span><\/p>\n<p align=\"justify\"><span style=\"font-family: Arial, sans-serif;\"><span style=\"font-size: large;\"><b>Tercera fase: cris\u00e0lide<\/b><\/span><\/span><\/p>\n<p align=\"justify\"><span style=\"font-family: Arial, sans-serif;\"><span style=\"font-size: large;\">durant aquesta fase el cuc de seda es dedica a fabricar el <\/span><\/span><strong><span style=\"font-family: Arial, sans-serif;\"><span style=\"font-size: large;\">capoll<\/span><\/span><\/strong><span style=\"font-family: Arial, sans-serif;\"><span style=\"font-size: large;\">. Els primers metres de seda s\u00f3n de color blanc. Despr\u00e9s apareix la seda de color groc o taronja (un quil\u00f2metre de seda per construir el capoll). Quan els cucs han acabat de fer el capoll reposen uns dies i despr\u00e9s fan la cris\u00e0lide.<\/span><\/span><\/p>\n<h3 class=\"western\" align=\"justify\"><span style=\"font-family: Arial, sans-serif;\"><span style=\"font-size: large;\">Quarta fase: papallona <\/span><\/span><\/h3>\n<p align=\"justify\"><span style=\"font-family: Arial, sans-serif;\"><span style=\"font-size: large;\">El cuc de seda es converteix en una papallona despr\u00e9s de fer un gran esfor\u00e7. Per estirar les ales les papallones han de fer molta pressi\u00f3 durant una bona estona. \u00e9s per aix\u00f2 que al principi no poden volar. \u00c9s en aquest moment quan els mascles i les femelles s&#8217;aparellen. Un cop acabat l&#8217;aparellament les papallones ja poden volar i les femelles es dediquen a pondre els ous.<\/span><\/span><\/p>\n<p style=\"text-align: center;\" align=\"justify\">Cliqueu sobre la imatge per veure m\u00e9s fotos.<\/p>\n<p align=\"justify\"><a href=\"https:\/\/photos.google.com\/share\/AF1QipNWEpzOd8PIbXVK-etrALKV0fP5vXPVHFUInatAc2p1RJiynZZ5cbNIjNAxhJ5uSg?key=MEtqejNqbFdoTDl1YzE3UzR2UnRSVDFwN0tadE1B\"><img loading=\"lazy\" decoding=\"async\" class=\"wp-image-772 aligncenter\" src=\"http:\/\/agora.xtec.cat\/escola-solivent\/wp-content\/uploads\/usu1558\/2017\/06\/20170424_102916-1024x750.jpg\" alt=\"20170424_102916\" width=\"315\" height=\"231\" srcset=\"https:\/\/agora.xtec.cat\/escola-solivent\/wp-content\/uploads\/usu1558\/2017\/06\/20170424_102916.jpg 1024w, https:\/\/agora.xtec.cat\/escola-solivent\/wp-content\/uploads\/usu1558\/2017\/06\/20170424_102916-300x220.jpg 300w, https:\/\/agora.xtec.cat\/escola-solivent\/wp-content\/uploads\/usu1558\/2017\/06\/20170424_102916-768x563.jpg 768w\" sizes=\"auto, (max-width: 315px) 100vw, 315px\" \/><\/a><\/p>\n","protected":false},"excerpt":{"rendered":"<p>La Laia va portar cucs de seda en una capsa de sabates i tots vam poder observar el cicle evolutiu del cuc i donar menjar a les erugues (fulles de morera que coll\u00edem al pati).<br \/>\nEl cicle evolutiu del cuc de seda dura aproximadament uns 60&hellip;  <a href=\"https:\/\/agora.xtec.cat\/escola-solivent\/general\/la-classe-de-primer-observa-els-cucs-de-seda\/\" title=\"Read LA CLASSE DE PRIMER OBSERVA ELS CUCS DE SEDA\">Llegeix m\u00e9s\u00bb<\/a><\/p>\n","protected":false},"author":1,"featured_media":772,"comment_status":"open","ping_status":"closed","sticky":false,"template":"","format":"standard","meta":{"_bbp_topic_count":0,"_bbp_reply_count":0,"_bbp_total_topic_count":0,"_bbp_total_reply_count":0,"_bbp_voice_count":0,"_bbp_anonymous_reply_count":0,"_bbp_topic_count_hidden":0,"_bbp_reply_count_hidden":0,"_bbp_forum_subforum_count":0,"footnotes":""},"categories":[10,1,4,5],"tags":[79],"class_list":["post-771","post","type-post","status-publish","format-standard","has-post-thumbnail","hentry","category-1r","category-general","category-portada","category-primaria","tag-cucs-de-seda"],"post_mailing_queue_ids":[],"_links":{"self":[{"href":"https:\/\/agora.xtec.cat\/escola-solivent\/wp-json\/wp\/v2\/posts\/771","targetHints":{"allow":["GET"]}}],"collection":[{"href":"https:\/\/agora.xtec.cat\/escola-solivent\/wp-json\/wp\/v2\/posts"}],"about":[{"href":"https:\/\/agora.xtec.cat\/escola-solivent\/wp-json\/wp\/v2\/types\/post"}],"author":[{"embeddable":true,"href":"https:\/\/agora.xtec.cat\/escola-solivent\/wp-json\/wp\/v2\/users\/1"}],"replies":[{"embeddable":true,"href":"https:\/\/agora.xtec.cat\/escola-solivent\/wp-json\/wp\/v2\/comments?post=771"}],"version-history":[{"count":3,"href":"https:\/\/agora.xtec.cat\/escola-solivent\/wp-json\/wp\/v2\/posts\/771\/revisions"}],"predecessor-version":[{"id":793,"href":"https:\/\/agora.xtec.cat\/escola-solivent\/wp-json\/wp\/v2\/posts\/771\/revisions\/793"}],"wp:featuredmedia":[{"embeddable":true,"href":"https:\/\/agora.xtec.cat\/escola-solivent\/wp-json\/wp\/v2\/media\/772"}],"wp:attachment":[{"href":"https:\/\/agora.xtec.cat\/escola-solivent\/wp-json\/wp\/v2\/media?parent=771"}],"wp:term":[{"taxonomy":"category","embeddable":true,"href":"https:\/\/agora.xtec.cat\/escola-solivent\/wp-json\/wp\/v2\/categories?post=771"},{"taxonomy":"post_tag","embeddable":true,"href":"https:\/\/agora.xtec.cat\/escola-solivent\/wp-json\/wp\/v2\/tags?post=771"}],"curies":[{"name":"wp","href":"https:\/\/api.w.org\/{rel}","templated":true}]}}