{"id":767,"date":"2017-06-05T11:09:29","date_gmt":"2017-06-05T09:09:29","guid":{"rendered":"http:\/\/agora.xtec.cat\/escola-solivent\/?p=767"},"modified":"2017-06-05T11:12:32","modified_gmt":"2017-06-05T09:12:32","slug":"cicle-inicial-al-anellament-de-cigonyes","status":"publish","type":"post","link":"https:\/\/agora.xtec.cat\/escola-solivent\/general\/cicle-inicial-al-anellament-de-cigonyes\/","title":{"rendered":"CICLE INICIAL VISITA LES CIGONYES DE PERALADA"},"content":{"rendered":"<p align=\"justify\"><span style=\"font-family: Arial, sans-serif;\"><span style=\"font-size: large;\">El divendres 26 de maig, les classes de primer i segon de l&#8217;escola, juntament amb 600 escolars de l&#8217; Alt Empord\u00e0, van participar a la Jornada d&#8217; Anellament de pollets de cigonyes al Parc del Castell de Peralada. <\/span><\/span><\/p>\n<p align=\"justify\"><span style=\"font-family: Arial, sans-serif;\"><span style=\"font-size: large;\">En arribar al parc els van donar la benvinguda, una gorra i un petit esmorzar per anar preparant un mat\u00ed ple d&#8217;activitats i sorpreses.<\/span><\/span><\/p>\n<p align=\"justify\"><span style=\"font-family: Arial, sans-serif;\"><span style=\"font-size: large;\">Primer el senyor Jordi Sargatal els va explicar com es va reintroduir la cigonya blanca a l&#8217; Empord\u00e0 a l&#8217; any 1996: des dels Aiguamolls de l&#8217;Empord\u00e0 van anar a buscar 30 cigonyes de la prov\u00edncia de C\u00e1ceres. I al cap de dos anys ja naixien les primeres cries. I, des d&#8217;aleshores la col\u00f2nia de cigonyes ha anat creixent i des de fa 6 anys s&#8217;organitzen les Jornades d&#8217; Anellament amb els alumnes de la comarca. Aix\u00ed doncs, aquest any, vam poder veure com col\u00b7loquen dues anelles a cada pollet: una anella d\u00b4alumini del Departament de Medi Ambient i una de blanca distintiva de l\u00b4indret on s\u00b4anellen. Durant l&#8217;anellament una jove estudiant volunt\u00e0ria ens va ensenyar i deixar tocar una cria de cigonya i va contestar les preguntes que li an\u00e0vem fent. Tamb\u00e9 els hi vam posar un nom. Es diuen Blanqueta la de 1r i Harmonia la de 2n.<\/span><\/span><\/p>\n<p align=\"justify\"><span style=\"font-family: Arial, sans-serif;\"><span style=\"font-size: large;\">Tamb\u00e9 vam gaudir d&#8217;un espectacle musical i d&#8217;una \u201ccigonya\u201d molt especial que ens va fer una visita guiada pel parc i ens va oferir un espectacle c\u00f2mic amb el qual els nens van riure molt.<\/span><\/span><\/p>\n<p align=\"justify\"><span style=\"font-family: Arial, sans-serif;\"><span style=\"font-size: large;\">I , despr\u00e9s d&#8217;un refrigeri, es van tornar a reunir tots els nens i nenes de les diferents escoles per a fer l&#8217;entrega de premis , la qual formava part del <\/span><\/span><span style=\"font-family: Arial, sans-serif;\"><span style=\"font-size: large;\"><i>programa pedag\u00f2gic<\/i><\/span><\/span><span style=\"font-family: Arial, sans-serif;\"><span style=\"font-size: large;\"> que demanava un treball previ i una de les activitats era fer el dibuix d&#8217; una cigonya. Afortunadament, un alumne de la nostra escola va guanyar el segon premi: l\u00b4\u00c0lex Montero.<\/span><\/span><\/p>\n<p align=\"justify\"><span style=\"font-family: Arial, sans-serif;\"><span style=\"font-size: large;\">I tots els nens van tenir obsequis per a la seva participaci\u00f3, entre els quals hi havia un planter d&#8217;alzina i\/o roure.<\/span><\/span><\/p>\n<p align=\"justify\"><span style=\"font-family: Arial, sans-serif;\"><span style=\"font-size: large;\">Acabada la <\/span><\/span><span style=\"font-family: Arial, sans-serif;\"><span style=\"font-size: large;\"><i>Jornada<\/i><\/span><\/span><span style=\"font-family: Arial, sans-serif;\"><span style=\"font-size: large;\">, vam anar a dinar al pati de les antigues escoles de Per<\/span><\/span><span style=\"font-family: Arial, sans-serif;\"><span style=\"font-size: large;\">a<\/span><\/span><span style=\"font-family: Arial, sans-serif;\"><span style=\"font-size: large;\">lada on a la tarda van ben gaudir del parc infantil.<\/span><\/span><\/p>\n<p align=\"justify\"><a href=\"https:\/\/photos.google.com\/share\/AF1QipOnrKtYAQsJNStsmTweSuNp6x3iYn7eISDAswIlO9qvkM_KvTu0RYJuPNH-MGKRbg?key=OG8yNDRnekREQTZqbjE5dHpJOEo3TlF5bUk3U2VB\"><img loading=\"lazy\" decoding=\"async\" class=\"wp-image-768 aligncenter\" src=\"http:\/\/agora.xtec.cat\/escola-solivent\/wp-content\/uploads\/usu1558\/2017\/06\/026-20170526_111203-1024x757.jpg\" alt=\"026-20170526_111203\" width=\"373\" height=\"276\" srcset=\"https:\/\/agora.xtec.cat\/escola-solivent\/wp-content\/uploads\/usu1558\/2017\/06\/026-20170526_111203.jpg 1024w, https:\/\/agora.xtec.cat\/escola-solivent\/wp-content\/uploads\/usu1558\/2017\/06\/026-20170526_111203-300x222.jpg 300w, https:\/\/agora.xtec.cat\/escola-solivent\/wp-content\/uploads\/usu1558\/2017\/06\/026-20170526_111203-768x568.jpg 768w\" sizes=\"auto, (max-width: 373px) 100vw, 373px\" \/><\/a><\/p>\n<p align=\"justify\">\n","protected":false},"excerpt":{"rendered":"<p>El divendres 26 de maig, les classes de primer i segon de l&#8217;escola, juntament amb 600 escolars de l&#8217; Alt Empord\u00e0, van participar a la Jornada d&#8217; Anellament de pollets de cigonyes al Parc del Castell de Peralada.<br \/>\nEn arribar al parc els van donar&hellip;  <a href=\"https:\/\/agora.xtec.cat\/escola-solivent\/general\/cicle-inicial-al-anellament-de-cigonyes\/\" title=\"Read CICLE INICIAL VISITA LES CIGONYES DE PERALADA\">Llegeix m\u00e9s\u00bb<\/a><\/p>\n","protected":false},"author":1,"featured_media":768,"comment_status":"open","ping_status":"closed","sticky":false,"template":"","format":"standard","meta":{"_bbp_topic_count":0,"_bbp_reply_count":0,"_bbp_total_topic_count":0,"_bbp_total_reply_count":0,"_bbp_voice_count":0,"_bbp_anonymous_reply_count":0,"_bbp_topic_count_hidden":0,"_bbp_reply_count_hidden":0,"_bbp_forum_subforum_count":0,"footnotes":""},"categories":[10,11,1,4,5],"tags":[16],"class_list":["post-767","post","type-post","status-publish","format-standard","has-post-thumbnail","hentry","category-1r","category-2n","category-general","category-portada","category-primaria","tag-sortides"],"post_mailing_queue_ids":[],"_links":{"self":[{"href":"https:\/\/agora.xtec.cat\/escola-solivent\/wp-json\/wp\/v2\/posts\/767","targetHints":{"allow":["GET"]}}],"collection":[{"href":"https:\/\/agora.xtec.cat\/escola-solivent\/wp-json\/wp\/v2\/posts"}],"about":[{"href":"https:\/\/agora.xtec.cat\/escola-solivent\/wp-json\/wp\/v2\/types\/post"}],"author":[{"embeddable":true,"href":"https:\/\/agora.xtec.cat\/escola-solivent\/wp-json\/wp\/v2\/users\/1"}],"replies":[{"embeddable":true,"href":"https:\/\/agora.xtec.cat\/escola-solivent\/wp-json\/wp\/v2\/comments?post=767"}],"version-history":[{"count":2,"href":"https:\/\/agora.xtec.cat\/escola-solivent\/wp-json\/wp\/v2\/posts\/767\/revisions"}],"predecessor-version":[{"id":778,"href":"https:\/\/agora.xtec.cat\/escola-solivent\/wp-json\/wp\/v2\/posts\/767\/revisions\/778"}],"wp:featuredmedia":[{"embeddable":true,"href":"https:\/\/agora.xtec.cat\/escola-solivent\/wp-json\/wp\/v2\/media\/768"}],"wp:attachment":[{"href":"https:\/\/agora.xtec.cat\/escola-solivent\/wp-json\/wp\/v2\/media?parent=767"}],"wp:term":[{"taxonomy":"category","embeddable":true,"href":"https:\/\/agora.xtec.cat\/escola-solivent\/wp-json\/wp\/v2\/categories?post=767"},{"taxonomy":"post_tag","embeddable":true,"href":"https:\/\/agora.xtec.cat\/escola-solivent\/wp-json\/wp\/v2\/tags?post=767"}],"curies":[{"name":"wp","href":"https:\/\/api.w.org\/{rel}","templated":true}]}}