{"id":724,"date":"2017-05-24T14:29:46","date_gmt":"2017-05-24T12:29:46","guid":{"rendered":"http:\/\/agora.xtec.cat\/escola-solivent\/?p=724"},"modified":"2017-05-24T14:30:15","modified_gmt":"2017-05-24T12:30:15","slug":"educacio-infantil-d-excursio-a-la-farinera-i-als-aiguamolls","status":"publish","type":"post","link":"https:\/\/agora.xtec.cat\/escola-solivent\/infantil\/educacio-infantil-d-excursio-a-la-farinera-i-als-aiguamolls\/","title":{"rendered":"EDUCACI\u00d3 INFANTIL D&#8217; EXCURSI\u00d3 A L&#8217; ECOMUSEU I ALS AIGUAMOLLS"},"content":{"rendered":"<p>El 17 de Mar\u00e7 els nens i nenes d&#8217; Educaci\u00f3 Infantil v\u00e0rem anar d&#8217;excursi\u00f3 a l&#8217; Ecomuseu &#8211; Farinera de Castell\u00f3 d&#8217; Emp\u00faries on ens van explicar el proc\u00e9s que passa el blat fins a convertir-se en farina. Despr\u00e9s v\u00e0rem fer un taller de pa. V\u00e0rem dinar als Aiguamolls de l&#8217; Empord\u00e0 i a la tarda la mare d&#8217;en Lluc ens va fer una visita guiada on vam poder veure diferents esp\u00e8cies d&#8217;ocells.<\/p>\n<p style=\"text-align: center;\">Cliqueu sobre la imatge per veure m\u00e9s fotos.<\/p>\n<p><a href=\"https:\/\/photos.google.com\/share\/AF1QipNO4-ifuFiiEaix5Hw8OqmtidScg6kuJNHVTzkjKOU7rkwnne18xnNmbLLnoFvIVA?key=b2U0Rkt5MUxiMTFQdk9wYWRCMFFfQjRYUENtMTRn\"><img loading=\"lazy\" decoding=\"async\" class=\"wp-image-726 aligncenter\" src=\"http:\/\/agora.xtec.cat\/escola-solivent\/wp-content\/uploads\/usu1558\/2017\/05\/P1100738-1024x624.jpg\" alt=\"P1100738\" width=\"333\" height=\"203\" srcset=\"https:\/\/agora.xtec.cat\/escola-solivent\/wp-content\/uploads\/usu1558\/2017\/05\/P1100738-1024x624.jpg 1024w, https:\/\/agora.xtec.cat\/escola-solivent\/wp-content\/uploads\/usu1558\/2017\/05\/P1100738-300x183.jpg 300w, https:\/\/agora.xtec.cat\/escola-solivent\/wp-content\/uploads\/usu1558\/2017\/05\/P1100738-768x468.jpg 768w, https:\/\/agora.xtec.cat\/escola-solivent\/wp-content\/uploads\/usu1558\/2017\/05\/P1100738.jpg 2048w\" sizes=\"auto, (max-width: 333px) 100vw, 333px\" \/><\/a><\/p>\n","protected":false},"excerpt":{"rendered":"<p>El 17 de Mar\u00e7 els nens i nenes d&#8217; Educaci\u00f3 Infantil v\u00e0rem anar d&#8217;excursi\u00f3 a l&#8217; Ecomuseu &#8211; Farinera de Castell\u00f3 d&#8217; Emp\u00faries on ens van explicar el proc\u00e9s que passa el blat fins a convertir-se en farina. Despr\u00e9s v\u00e0rem fer un taller de pa.&hellip;  <a href=\"https:\/\/agora.xtec.cat\/escola-solivent\/infantil\/educacio-infantil-d-excursio-a-la-farinera-i-als-aiguamolls\/\" title=\"Read EDUCACI\u00d3 INFANTIL D&#8217; EXCURSI\u00d3 A L&#8217; ECOMUSEU I ALS AIGUAMOLLS\">Llegeix m\u00e9s\u00bb<\/a><\/p>\n","protected":false},"author":1,"featured_media":726,"comment_status":"open","ping_status":"open","sticky":false,"template":"","format":"standard","meta":{"_bbp_topic_count":0,"_bbp_reply_count":0,"_bbp_total_topic_count":0,"_bbp_total_reply_count":0,"_bbp_voice_count":0,"_bbp_anonymous_reply_count":0,"_bbp_topic_count_hidden":0,"_bbp_reply_count_hidden":0,"_bbp_forum_subforum_count":0,"footnotes":""},"categories":[2,3,8,9,4],"tags":[16],"class_list":["post-724","post","type-post","status-publish","format-standard","has-post-thumbnail","hentry","category-infantil","category-i3","category-i4","category-i5","category-portada","tag-sortides"],"post_mailing_queue_ids":[],"_links":{"self":[{"href":"https:\/\/agora.xtec.cat\/escola-solivent\/wp-json\/wp\/v2\/posts\/724","targetHints":{"allow":["GET"]}}],"collection":[{"href":"https:\/\/agora.xtec.cat\/escola-solivent\/wp-json\/wp\/v2\/posts"}],"about":[{"href":"https:\/\/agora.xtec.cat\/escola-solivent\/wp-json\/wp\/v2\/types\/post"}],"author":[{"embeddable":true,"href":"https:\/\/agora.xtec.cat\/escola-solivent\/wp-json\/wp\/v2\/users\/1"}],"replies":[{"embeddable":true,"href":"https:\/\/agora.xtec.cat\/escola-solivent\/wp-json\/wp\/v2\/comments?post=724"}],"version-history":[{"count":3,"href":"https:\/\/agora.xtec.cat\/escola-solivent\/wp-json\/wp\/v2\/posts\/724\/revisions"}],"predecessor-version":[{"id":740,"href":"https:\/\/agora.xtec.cat\/escola-solivent\/wp-json\/wp\/v2\/posts\/724\/revisions\/740"}],"wp:featuredmedia":[{"embeddable":true,"href":"https:\/\/agora.xtec.cat\/escola-solivent\/wp-json\/wp\/v2\/media\/726"}],"wp:attachment":[{"href":"https:\/\/agora.xtec.cat\/escola-solivent\/wp-json\/wp\/v2\/media?parent=724"}],"wp:term":[{"taxonomy":"category","embeddable":true,"href":"https:\/\/agora.xtec.cat\/escola-solivent\/wp-json\/wp\/v2\/categories?post=724"},{"taxonomy":"post_tag","embeddable":true,"href":"https:\/\/agora.xtec.cat\/escola-solivent\/wp-json\/wp\/v2\/tags?post=724"}],"curies":[{"name":"wp","href":"https:\/\/api.w.org\/{rel}","templated":true}]}}