{"id":673,"date":"2017-03-27T11:58:07","date_gmt":"2017-03-27T09:58:07","guid":{"rendered":"http:\/\/agora.xtec.cat\/escola-solivent\/?p=673"},"modified":"2017-03-27T11:58:47","modified_gmt":"2017-03-27T09:58:47","slug":"els-de-p5-plantem-maduixeres","status":"publish","type":"post","link":"https:\/\/agora.xtec.cat\/escola-solivent\/general\/els-de-p5-plantem-maduixeres\/","title":{"rendered":"ELS DE P5 PLANTEM MADUIXERES"},"content":{"rendered":"<p>A principis de mar\u00e7 varem plantar les maduixeres.<\/p>\n<p>A l\u2019 arribar a l\u2019 hort en Fernando ja tenia preparat el tros on les hav\u00edem de plantar i ens va ajudar fent el clot amb el c\u00e0vec. Nosaltres les an\u00e0vem posant i enterrant-les amb una mica de terra.<\/p>\n<p>En acabar les varem regar perqu\u00e8 quedessin ben agafades a terra.<\/p>\n<p style=\"text-align: center;\">Cliqueu sobre la imatge per veure m\u00e9s fotos.<a href=\"https:\/\/photos.google.com\/share\/AF1QipPThyhbkoZBmRYFlV-c0iXEcNGH3UTghet7YiC1Wo7Yc_BxzjIgMWsQzes1muTkLA?key=M0xDNC1tWkhlOVBaa2RpR3ZfMmNQdENTTUg1NFBn\"><img loading=\"lazy\" decoding=\"async\" class=\" wp-image-674 aligncenter\" src=\"http:\/\/agora.xtec.cat\/escola-solivent\/wp-content\/uploads\/usu1558\/2017\/03\/P1100446-1024x768.jpg\" alt=\"p1100446\" width=\"371\" height=\"278\" srcset=\"https:\/\/agora.xtec.cat\/escola-solivent\/wp-content\/uploads\/usu1558\/2017\/03\/P1100446-1024x768.jpg 1024w, https:\/\/agora.xtec.cat\/escola-solivent\/wp-content\/uploads\/usu1558\/2017\/03\/P1100446-300x225.jpg 300w, https:\/\/agora.xtec.cat\/escola-solivent\/wp-content\/uploads\/usu1558\/2017\/03\/P1100446-768x576.jpg 768w, https:\/\/agora.xtec.cat\/escola-solivent\/wp-content\/uploads\/usu1558\/2017\/03\/P1100446-200x150.jpg 200w, https:\/\/agora.xtec.cat\/escola-solivent\/wp-content\/uploads\/usu1558\/2017\/03\/P1100446.jpg 2048w\" sizes=\"auto, (max-width: 371px) 100vw, 371px\" \/><\/a><\/p>\n","protected":false},"excerpt":{"rendered":"<p>A principis de mar\u00e7 varem plantar les maduixeres.<br \/>\nA l\u2019 arribar a l\u2019 hort en Fernando ja tenia preparat el tros on les hav\u00edem de plantar i ens va ajudar fent el clot amb el c\u00e0vec. Nosaltres les an\u00e0vem posant i enterrant-les amb una mica de&hellip;  <a href=\"https:\/\/agora.xtec.cat\/escola-solivent\/general\/els-de-p5-plantem-maduixeres\/\" title=\"Read ELS DE P5 PLANTEM MADUIXERES\">Llegeix m\u00e9s\u00bb<\/a><\/p>\n","protected":false},"author":1,"featured_media":674,"comment_status":"open","ping_status":"open","sticky":false,"template":"","format":"standard","meta":{"_bbp_topic_count":0,"_bbp_reply_count":0,"_bbp_total_topic_count":0,"_bbp_total_reply_count":0,"_bbp_voice_count":0,"_bbp_anonymous_reply_count":0,"_bbp_topic_count_hidden":0,"_bbp_reply_count_hidden":0,"_bbp_forum_subforum_count":0,"footnotes":""},"categories":[1,2,9,4],"tags":[57],"class_list":["post-673","post","type-post","status-publish","format-standard","has-post-thumbnail","hentry","category-general","category-infantil","category-i5","category-portada","tag-hort"],"post_mailing_queue_ids":[],"_links":{"self":[{"href":"https:\/\/agora.xtec.cat\/escola-solivent\/wp-json\/wp\/v2\/posts\/673","targetHints":{"allow":["GET"]}}],"collection":[{"href":"https:\/\/agora.xtec.cat\/escola-solivent\/wp-json\/wp\/v2\/posts"}],"about":[{"href":"https:\/\/agora.xtec.cat\/escola-solivent\/wp-json\/wp\/v2\/types\/post"}],"author":[{"embeddable":true,"href":"https:\/\/agora.xtec.cat\/escola-solivent\/wp-json\/wp\/v2\/users\/1"}],"replies":[{"embeddable":true,"href":"https:\/\/agora.xtec.cat\/escola-solivent\/wp-json\/wp\/v2\/comments?post=673"}],"version-history":[{"count":1,"href":"https:\/\/agora.xtec.cat\/escola-solivent\/wp-json\/wp\/v2\/posts\/673\/revisions"}],"predecessor-version":[{"id":675,"href":"https:\/\/agora.xtec.cat\/escola-solivent\/wp-json\/wp\/v2\/posts\/673\/revisions\/675"}],"wp:featuredmedia":[{"embeddable":true,"href":"https:\/\/agora.xtec.cat\/escola-solivent\/wp-json\/wp\/v2\/media\/674"}],"wp:attachment":[{"href":"https:\/\/agora.xtec.cat\/escola-solivent\/wp-json\/wp\/v2\/media?parent=673"}],"wp:term":[{"taxonomy":"category","embeddable":true,"href":"https:\/\/agora.xtec.cat\/escola-solivent\/wp-json\/wp\/v2\/categories?post=673"},{"taxonomy":"post_tag","embeddable":true,"href":"https:\/\/agora.xtec.cat\/escola-solivent\/wp-json\/wp\/v2\/tags?post=673"}],"curies":[{"name":"wp","href":"https:\/\/api.w.org\/{rel}","templated":true}]}}