{"id":654,"date":"2017-03-27T11:39:17","date_gmt":"2017-03-27T09:39:17","guid":{"rendered":"http:\/\/agora.xtec.cat\/escola-solivent\/?p=654"},"modified":"2017-03-27T11:39:31","modified_gmt":"2017-03-27T09:39:31","slug":"projecte-patrulla-canina-p5","status":"publish","type":"post","link":"https:\/\/agora.xtec.cat\/escola-solivent\/general\/projecte-patrulla-canina-p5\/","title":{"rendered":"PROJECTE PATRULLA CANINA P4"},"content":{"rendered":"<p><a href=\"http:\/\/agora.xtec.cat\/escola-solivent\/wp-content\/uploads\/usu1558\/2017\/03\/DSC_3517.jpg\"><br \/>\n<\/a>Aquest 2on trimestre , hem treballat el projecte de la Patrulla Canina. Est\u00e0vem molt engrescats en treballar aquest tema. Molts de nosaltres coneix\u00edem els personatges de la patrulla canina, fins i tot els personatges secundaris. Hem treballat caracter\u00edstiques de cada animal, la seva ra\u00e7a i el seu ofici. Tamb\u00e9, hem constru\u00eft un vehicle del personatge que m\u00e9s ens agrada i hem fet un mural de la torre de control. Ens ho hem passat molt b\u00e9!!!!<\/p>\n<p style=\"text-align: center;\">Cliqueu sobre la imatge per veure m\u00e9s fotos.<\/p>\n<p style=\"text-align: center;\">\u00a0<a href=\"https:\/\/photos.google.com\/album\/AF1QipNj1BiKZ24hzkK6xMHAy97wj8MW82N2B4PenpFb\"><img loading=\"lazy\" decoding=\"async\" class=\" wp-image-670 aligncenter\" src=\"http:\/\/agora.xtec.cat\/escola-solivent\/wp-content\/uploads\/usu1558\/2017\/03\/DSC_3517-576x1024.jpg\" alt=\"dsc_3517\" width=\"202\" height=\"359\" srcset=\"https:\/\/agora.xtec.cat\/escola-solivent\/wp-content\/uploads\/usu1558\/2017\/03\/DSC_3517-576x1024.jpg 576w, https:\/\/agora.xtec.cat\/escola-solivent\/wp-content\/uploads\/usu1558\/2017\/03\/DSC_3517-169x300.jpg 169w, https:\/\/agora.xtec.cat\/escola-solivent\/wp-content\/uploads\/usu1558\/2017\/03\/DSC_3517-768x1366.jpg 768w\" sizes=\"auto, (max-width: 202px) 100vw, 202px\" \/><\/a><\/p>\n","protected":false},"excerpt":{"rendered":"<p><a href=\"http:\/\/agora.xtec.cat\/escola-solivent\/wp-content\/uploads\/usu1558\/2017\/03\/DSC_3517.jpg\"><br \/>\n<\/a>Aquest 2on trimestre , hem treballat el projecte de la Patrulla Canina. Est\u00e0vem molt engrescats en treballar aquest tema. Molts de nosaltres coneix\u00edem els personatges de la patrulla canina, fins i tot els personatges secundaris. Hem treballat caracter\u00edstiques de cada animal, la seva ra\u00e7a&hellip;  <a href=\"https:\/\/agora.xtec.cat\/escola-solivent\/general\/projecte-patrulla-canina-p5\/\" title=\"Read PROJECTE PATRULLA CANINA P4\">Llegeix m\u00e9s\u00bb<\/a><\/p>\n","protected":false},"author":1,"featured_media":670,"comment_status":"open","ping_status":"open","sticky":false,"template":"","format":"standard","meta":{"_bbp_topic_count":0,"_bbp_reply_count":0,"_bbp_total_topic_count":0,"_bbp_total_reply_count":0,"_bbp_voice_count":0,"_bbp_anonymous_reply_count":0,"_bbp_topic_count_hidden":0,"_bbp_reply_count_hidden":0,"_bbp_forum_subforum_count":0,"footnotes":""},"categories":[1,2,8,4],"tags":[66],"class_list":["post-654","post","type-post","status-publish","format-standard","has-post-thumbnail","hentry","category-general","category-infantil","category-i4","category-portada","tag-projectes"],"post_mailing_queue_ids":[],"_links":{"self":[{"href":"https:\/\/agora.xtec.cat\/escola-solivent\/wp-json\/wp\/v2\/posts\/654","targetHints":{"allow":["GET"]}}],"collection":[{"href":"https:\/\/agora.xtec.cat\/escola-solivent\/wp-json\/wp\/v2\/posts"}],"about":[{"href":"https:\/\/agora.xtec.cat\/escola-solivent\/wp-json\/wp\/v2\/types\/post"}],"author":[{"embeddable":true,"href":"https:\/\/agora.xtec.cat\/escola-solivent\/wp-json\/wp\/v2\/users\/1"}],"replies":[{"embeddable":true,"href":"https:\/\/agora.xtec.cat\/escola-solivent\/wp-json\/wp\/v2\/comments?post=654"}],"version-history":[{"count":3,"href":"https:\/\/agora.xtec.cat\/escola-solivent\/wp-json\/wp\/v2\/posts\/654\/revisions"}],"predecessor-version":[{"id":672,"href":"https:\/\/agora.xtec.cat\/escola-solivent\/wp-json\/wp\/v2\/posts\/654\/revisions\/672"}],"wp:featuredmedia":[{"embeddable":true,"href":"https:\/\/agora.xtec.cat\/escola-solivent\/wp-json\/wp\/v2\/media\/670"}],"wp:attachment":[{"href":"https:\/\/agora.xtec.cat\/escola-solivent\/wp-json\/wp\/v2\/media?parent=654"}],"wp:term":[{"taxonomy":"category","embeddable":true,"href":"https:\/\/agora.xtec.cat\/escola-solivent\/wp-json\/wp\/v2\/categories?post=654"},{"taxonomy":"post_tag","embeddable":true,"href":"https:\/\/agora.xtec.cat\/escola-solivent\/wp-json\/wp\/v2\/tags?post=654"}],"curies":[{"name":"wp","href":"https:\/\/api.w.org\/{rel}","templated":true}]}}