{"id":645,"date":"2017-03-22T15:09:31","date_gmt":"2017-03-22T14:09:31","guid":{"rendered":"http:\/\/agora.xtec.cat\/escola-solivent\/?p=645"},"modified":"2017-03-22T15:09:31","modified_gmt":"2017-03-22T14:09:31","slug":"els-de-6e-plantem-cols-i-broquils","status":"publish","type":"post","link":"https:\/\/agora.xtec.cat\/escola-solivent\/general\/els-de-6e-plantem-cols-i-broquils\/","title":{"rendered":"ELS DE 6\u00e8 PLANTEM COLS I BR\u00d2QUILS"},"content":{"rendered":"<p>El dimarts dia 4 d\u2019octubre els alumnes de 6\u00e8 vam anar a plantar cols i br\u00f2quils seguint les instruccions del senyor Ferran que tamb\u00e9 va demostrar tenir una gran paci\u00e8ncia amb aquests aprenents de pag\u00e8s. Esperem que el temps ens acompanyi i que puguem portar-nos a casa una pe\u00e7a de cada.<\/p>\n<p style=\"text-align: center;\">Cliqueu sobre la imatge per veure m\u00e9s fotos.<\/p>\n<p style=\"text-align: center;\"><a href=\"https:\/\/photos.google.com\/share\/AF1QipPUOQIxJKJ7WLRYSlnNOKj91jDCRVFMcrAmhUj0DycBLRCSLiUqUC7VaPR3guLmyQ?key=T2ZzcExNaExJUTM2M2FYMmlkRWxvZ2tQZUx6bFJ3\"><img loading=\"lazy\" decoding=\"async\" class=\"alignnone size-full wp-image-646\" src=\"http:\/\/agora.xtec.cat\/escola-solivent\/wp-content\/uploads\/usu1558\/2017\/03\/IMG_20161004_113140_opt.jpg\" alt=\"img_20161004_113140_opt\" width=\"400\" height=\"300\" srcset=\"https:\/\/agora.xtec.cat\/escola-solivent\/wp-content\/uploads\/usu1558\/2017\/03\/IMG_20161004_113140_opt.jpg 400w, https:\/\/agora.xtec.cat\/escola-solivent\/wp-content\/uploads\/usu1558\/2017\/03\/IMG_20161004_113140_opt-300x225.jpg 300w, https:\/\/agora.xtec.cat\/escola-solivent\/wp-content\/uploads\/usu1558\/2017\/03\/IMG_20161004_113140_opt-200x150.jpg 200w\" sizes=\"auto, (max-width: 400px) 100vw, 400px\" \/><\/a><\/p>\n","protected":false},"excerpt":{"rendered":"<p>El dimarts dia 4 d\u2019octubre els alumnes de 6\u00e8 vam anar a plantar cols i br\u00f2quils seguint les instruccions del senyor Ferran que tamb\u00e9 va demostrar tenir una gran paci\u00e8ncia amb aquests aprenents de pag\u00e8s. Esperem que el temps ens acompanyi i que puguem portar-nos&hellip;  <a href=\"https:\/\/agora.xtec.cat\/escola-solivent\/general\/els-de-6e-plantem-cols-i-broquils\/\" title=\"Read ELS DE 6\u00e8 PLANTEM COLS I BR\u00d2QUILS\">Llegeix m\u00e9s\u00bb<\/a><\/p>\n","protected":false},"author":1,"featured_media":646,"comment_status":"open","ping_status":"open","sticky":false,"template":"","format":"standard","meta":{"_bbp_topic_count":0,"_bbp_reply_count":0,"_bbp_total_topic_count":0,"_bbp_total_reply_count":0,"_bbp_voice_count":0,"_bbp_anonymous_reply_count":0,"_bbp_topic_count_hidden":0,"_bbp_reply_count_hidden":0,"_bbp_forum_subforum_count":0,"footnotes":""},"categories":[15,1,4,5],"tags":[57],"class_list":["post-645","post","type-post","status-publish","format-standard","has-post-thumbnail","hentry","category-6e","category-general","category-portada","category-primaria","tag-hort"],"post_mailing_queue_ids":[],"_links":{"self":[{"href":"https:\/\/agora.xtec.cat\/escola-solivent\/wp-json\/wp\/v2\/posts\/645","targetHints":{"allow":["GET"]}}],"collection":[{"href":"https:\/\/agora.xtec.cat\/escola-solivent\/wp-json\/wp\/v2\/posts"}],"about":[{"href":"https:\/\/agora.xtec.cat\/escola-solivent\/wp-json\/wp\/v2\/types\/post"}],"author":[{"embeddable":true,"href":"https:\/\/agora.xtec.cat\/escola-solivent\/wp-json\/wp\/v2\/users\/1"}],"replies":[{"embeddable":true,"href":"https:\/\/agora.xtec.cat\/escola-solivent\/wp-json\/wp\/v2\/comments?post=645"}],"version-history":[{"count":1,"href":"https:\/\/agora.xtec.cat\/escola-solivent\/wp-json\/wp\/v2\/posts\/645\/revisions"}],"predecessor-version":[{"id":647,"href":"https:\/\/agora.xtec.cat\/escola-solivent\/wp-json\/wp\/v2\/posts\/645\/revisions\/647"}],"wp:featuredmedia":[{"embeddable":true,"href":"https:\/\/agora.xtec.cat\/escola-solivent\/wp-json\/wp\/v2\/media\/646"}],"wp:attachment":[{"href":"https:\/\/agora.xtec.cat\/escola-solivent\/wp-json\/wp\/v2\/media?parent=645"}],"wp:term":[{"taxonomy":"category","embeddable":true,"href":"https:\/\/agora.xtec.cat\/escola-solivent\/wp-json\/wp\/v2\/categories?post=645"},{"taxonomy":"post_tag","embeddable":true,"href":"https:\/\/agora.xtec.cat\/escola-solivent\/wp-json\/wp\/v2\/tags?post=645"}],"curies":[{"name":"wp","href":"https:\/\/api.w.org\/{rel}","templated":true}]}}