{"id":592,"date":"2017-03-20T12:10:31","date_gmt":"2017-03-20T11:10:31","guid":{"rendered":"http:\/\/agora.xtec.cat\/escola-solivent\/?p=592"},"modified":"2017-03-21T15:50:37","modified_gmt":"2017-03-21T14:50:37","slug":"visita-dels-patges-reials-a-primer","status":"publish","type":"post","link":"https:\/\/agora.xtec.cat\/escola-solivent\/general\/visita-dels-patges-reials-a-primer\/","title":{"rendered":"VISITA DELS PATGES REIALS A PRIMER"},"content":{"rendered":"<p align=\"justify\"><span style=\"font-family: Calibri, sans-serif;\"><span style=\"font-size: large;\">Uns dies abans de Nadal ens varen visitar els patges reials a la classe. Tots nosaltres els vam entregar una carta pels Reis Mags d\u00b4Orient que hav\u00edem escrit a la classe. I ells en van llegir una i ens van preguntar si ens port\u00e0vem b\u00e9. Tamb\u00e9 ens vam fer fotos amb ells i a la tarda ens varen portar un regal per tots els nens i nenes de 1r i de 2n. Eren unes neules molt bones!<\/span><\/span><\/p>\n<p style=\"text-align: center;\" align=\"justify\">Cliqueu sobre la imatge per veure m\u00e9s fotos.<a href=\"https:\/\/photos.google.com\/share\/AF1QipPjCK3A3gxVpCHdWY_TEwozRTsdr5nu6-AsbCAQvp7cGSilZZb-9QMbwUFVY0g1pw?key=bXdHNlpSbm5rSXBKUmYwWEhjTEdBUmViN3lRbnJR\"><img loading=\"lazy\" decoding=\"async\" class=\" wp-image-593 aligncenter\" src=\"http:\/\/agora.xtec.cat\/escola-solivent\/wp-content\/uploads\/usu1558\/2017\/03\/01-35-20161216_102339-1024x851.jpg\" alt=\"01-35-20161216_102339\" width=\"402\" height=\"334\" srcset=\"https:\/\/agora.xtec.cat\/escola-solivent\/wp-content\/uploads\/usu1558\/2017\/03\/01-35-20161216_102339.jpg 1024w, https:\/\/agora.xtec.cat\/escola-solivent\/wp-content\/uploads\/usu1558\/2017\/03\/01-35-20161216_102339-300x250.jpg 300w, https:\/\/agora.xtec.cat\/escola-solivent\/wp-content\/uploads\/usu1558\/2017\/03\/01-35-20161216_102339-768x638.jpg 768w\" sizes=\"auto, (max-width: 402px) 100vw, 402px\" \/><\/a><\/p>\n","protected":false},"excerpt":{"rendered":"<p>Uns dies abans de Nadal ens varen visitar els patges reials a la classe. Tots nosaltres els vam entregar una carta pels Reis Mags d\u00b4Orient que hav\u00edem escrit a la classe. I ells en van llegir una i ens van preguntar si ens port\u00e0vem b\u00e9.&hellip;  <a href=\"https:\/\/agora.xtec.cat\/escola-solivent\/general\/visita-dels-patges-reials-a-primer\/\" title=\"Read VISITA DELS PATGES REIALS A PRIMER\">Llegeix m\u00e9s\u00bb<\/a><\/p>\n","protected":false},"author":1,"featured_media":593,"comment_status":"open","ping_status":"open","sticky":false,"template":"","format":"standard","meta":{"_bbp_topic_count":0,"_bbp_reply_count":0,"_bbp_total_topic_count":0,"_bbp_total_reply_count":0,"_bbp_voice_count":0,"_bbp_anonymous_reply_count":0,"_bbp_topic_count_hidden":0,"_bbp_reply_count_hidden":0,"_bbp_forum_subforum_count":0,"footnotes":""},"categories":[10,1,4,5],"tags":[56,61],"class_list":["post-592","post","type-post","status-publish","format-standard","has-post-thumbnail","hentry","category-1r","category-general","category-portada","category-primaria","tag-festes","tag-nadal"],"post_mailing_queue_ids":[],"_links":{"self":[{"href":"https:\/\/agora.xtec.cat\/escola-solivent\/wp-json\/wp\/v2\/posts\/592","targetHints":{"allow":["GET"]}}],"collection":[{"href":"https:\/\/agora.xtec.cat\/escola-solivent\/wp-json\/wp\/v2\/posts"}],"about":[{"href":"https:\/\/agora.xtec.cat\/escola-solivent\/wp-json\/wp\/v2\/types\/post"}],"author":[{"embeddable":true,"href":"https:\/\/agora.xtec.cat\/escola-solivent\/wp-json\/wp\/v2\/users\/1"}],"replies":[{"embeddable":true,"href":"https:\/\/agora.xtec.cat\/escola-solivent\/wp-json\/wp\/v2\/comments?post=592"}],"version-history":[{"count":1,"href":"https:\/\/agora.xtec.cat\/escola-solivent\/wp-json\/wp\/v2\/posts\/592\/revisions"}],"predecessor-version":[{"id":594,"href":"https:\/\/agora.xtec.cat\/escola-solivent\/wp-json\/wp\/v2\/posts\/592\/revisions\/594"}],"wp:featuredmedia":[{"embeddable":true,"href":"https:\/\/agora.xtec.cat\/escola-solivent\/wp-json\/wp\/v2\/media\/593"}],"wp:attachment":[{"href":"https:\/\/agora.xtec.cat\/escola-solivent\/wp-json\/wp\/v2\/media?parent=592"}],"wp:term":[{"taxonomy":"category","embeddable":true,"href":"https:\/\/agora.xtec.cat\/escola-solivent\/wp-json\/wp\/v2\/categories?post=592"},{"taxonomy":"post_tag","embeddable":true,"href":"https:\/\/agora.xtec.cat\/escola-solivent\/wp-json\/wp\/v2\/tags?post=592"}],"curies":[{"name":"wp","href":"https:\/\/api.w.org\/{rel}","templated":true}]}}