{"id":4995,"date":"2026-04-27T17:35:57","date_gmt":"2026-04-27T15:35:57","guid":{"rendered":"https:\/\/agora.xtec.cat\/escola-solivent\/?p=4995"},"modified":"2026-04-27T17:35:57","modified_gmt":"2026-04-27T15:35:57","slug":"a-educacio-infantil-fem-paper-reciclat","status":"publish","type":"post","link":"https:\/\/agora.xtec.cat\/escola-solivent\/general\/a-educacio-infantil-fem-paper-reciclat\/","title":{"rendered":"A EDUCACI\u00d3 INFANTIL FEM PAPER RECICLAT ."},"content":{"rendered":"<p><span style=\"font-weight: 400;\">La setmana passada els alumnes d\u2019I3, I4 i I5 vam compartir una jornada ben especial fent paper reciclat. En Xavier i la Montse ens van explicar molt b\u00e9 el que hav\u00edem de fer per aconseguir-ho. Cal dir que uns dies abans hav\u00edem esquin\u00e7at paper amb les nostres mans i deixat en remull amb aigua. El dia del taller el vam triturar amb una batedora i d\u2019aquesta manera vam obtenir la massa. En una esp\u00e8cie de teler hi vam poder fer la nostra composici\u00f3 amb fulles, flors i llanes de colors, cadasc\u00fa al seu gust. Tot seguit, vam abocar la massa al cim del teler i finalment, vam eixugar l\u2019aigua amb l\u2019ajuda d\u2019un fregador. El resultat va ser un paper reciclat ben original.<\/span><\/p>\n<p><span style=\"font-weight: 400;\">Va ser una experi\u00e8ncia ben bonica i motivadora.<\/span><\/p>\n<p>Cliqueu <a href=\"https:\/\/drive.google.com\/file\/d\/1hat8e-5gogB9x9NHEJq8Sxh2eUdZwk8K\/view?usp=sharing\">aqu\u00ed<\/a> per veure el v\u00eddeo.<\/p>\n<p><span style=\"font-weight: 400;\">Moltes gr\u00e0cies Xavier i Montse!\u00a0<\/span><\/p>\n","protected":false},"excerpt":{"rendered":"<p>La setmana passada els alumnes d\u2019I3, I4 i I5 vam compartir una jornada ben especial fent paper reciclat. En Xavier i la Montse ens van explicar molt b\u00e9 el que hav\u00edem de fer per aconseguir-ho. Cal dir que uns dies abans hav\u00edem esquin\u00e7at paper amb&hellip;  <a href=\"https:\/\/agora.xtec.cat\/escola-solivent\/general\/a-educacio-infantil-fem-paper-reciclat\/\" title=\"Read A EDUCACI\u00d3 INFANTIL FEM PAPER RECICLAT .\">Llegeix m\u00e9s\u00bb<\/a><\/p>\n","protected":false},"author":1,"featured_media":4996,"comment_status":"open","ping_status":"open","sticky":false,"template":"","format":"standard","meta":{"_bbp_topic_count":0,"_bbp_reply_count":0,"_bbp_total_topic_count":0,"_bbp_total_reply_count":0,"_bbp_voice_count":0,"_bbp_anonymous_reply_count":0,"_bbp_topic_count_hidden":0,"_bbp_reply_count_hidden":0,"_bbp_forum_subforum_count":0,"footnotes":""},"categories":[1,2,3,8,9,4],"tags":[211,145],"class_list":["post-4995","post","type-post","status-publish","format-standard","has-post-thumbnail","hentry","category-general","category-infantil","category-i3","category-i4","category-i5","category-portada","tag-agenda21","tag-infantil"],"post_mailing_queue_ids":[],"_links":{"self":[{"href":"https:\/\/agora.xtec.cat\/escola-solivent\/wp-json\/wp\/v2\/posts\/4995","targetHints":{"allow":["GET"]}}],"collection":[{"href":"https:\/\/agora.xtec.cat\/escola-solivent\/wp-json\/wp\/v2\/posts"}],"about":[{"href":"https:\/\/agora.xtec.cat\/escola-solivent\/wp-json\/wp\/v2\/types\/post"}],"author":[{"embeddable":true,"href":"https:\/\/agora.xtec.cat\/escola-solivent\/wp-json\/wp\/v2\/users\/1"}],"replies":[{"embeddable":true,"href":"https:\/\/agora.xtec.cat\/escola-solivent\/wp-json\/wp\/v2\/comments?post=4995"}],"version-history":[{"count":1,"href":"https:\/\/agora.xtec.cat\/escola-solivent\/wp-json\/wp\/v2\/posts\/4995\/revisions"}],"predecessor-version":[{"id":4997,"href":"https:\/\/agora.xtec.cat\/escola-solivent\/wp-json\/wp\/v2\/posts\/4995\/revisions\/4997"}],"wp:featuredmedia":[{"embeddable":true,"href":"https:\/\/agora.xtec.cat\/escola-solivent\/wp-json\/wp\/v2\/media\/4996"}],"wp:attachment":[{"href":"https:\/\/agora.xtec.cat\/escola-solivent\/wp-json\/wp\/v2\/media?parent=4995"}],"wp:term":[{"taxonomy":"category","embeddable":true,"href":"https:\/\/agora.xtec.cat\/escola-solivent\/wp-json\/wp\/v2\/categories?post=4995"},{"taxonomy":"post_tag","embeddable":true,"href":"https:\/\/agora.xtec.cat\/escola-solivent\/wp-json\/wp\/v2\/tags?post=4995"}],"curies":[{"name":"wp","href":"https:\/\/api.w.org\/{rel}","templated":true}]}}