{"id":4991,"date":"2026-04-16T20:57:49","date_gmt":"2026-04-16T18:57:49","guid":{"rendered":"https:\/\/agora.xtec.cat\/escola-solivent\/?p=4991"},"modified":"2026-04-16T20:57:49","modified_gmt":"2026-04-16T18:57:49","slug":"a-lhort-entre-reptes-i-paraules-descobrim-el-nou-projecte","status":"publish","type":"post","link":"https:\/\/agora.xtec.cat\/escola-solivent\/portada\/a-lhort-entre-reptes-i-paraules-descobrim-el-nou-projecte\/","title":{"rendered":"A L\u2019HORT, ENTRE REPTES I PARAULES: DESCOBRIM EL NOU PROJECTE!"},"content":{"rendered":"<p><span style=\"font-weight: 400;\">Els alumnes de cicle mitj\u00e0 van viure una jornada molt especial en descobrir el nou projecte. L\u2019activitat es va dur a terme a l\u2019hort de l\u2019escola, on els nens i nenes es van organitzar per afrontar vuit reptes diferents. Per descobrir el seu grup de treball, ho van fer a trav\u00e9s de diverses formes de fulla.<\/span><\/p>\n<p><span style=\"font-weight: 400;\">Cada repte superat els permet aconseguir una paraula. Amb totes les paraules recollides, el gran objectiu final era confeccionar la pregunta del projecte. Ha estat una proposta engrescadora que ha combinat treball en equip, reflexi\u00f3 i molta il\u00b7lusi\u00f3.<\/span><\/p>\n<p><span style=\"font-weight: 400;\">A m\u00e9s, el dia va acompanyar d\u2019all\u00f2 m\u00e9s b\u00e9: vam gaudir d\u2019un mat\u00ed espl\u00e8ndid, amb un sol radiant que ens va permetre viure l\u2019experi\u00e8ncia a l\u2019aire lliure en les millors condicions. Sens dubte, ha estat un mat\u00ed molt bonic que tots recordarem!<\/span><\/p>\n<p>Clica <a href=\"https:\/\/drive.google.com\/file\/d\/16uklJ3_y7XbRkKyK71Ah_A3afZXPEmSa\/view?usp=sharing\">aqu\u00ed<\/a> per mirar el v\u00eddeo.<\/p>\n","protected":false},"excerpt":{"rendered":"<p>Els alumnes de cicle mitj\u00e0 van viure una jornada molt especial en descobrir el nou projecte. L\u2019activitat es va dur a terme a l\u2019hort de l\u2019escola, on els nens i nenes es van organitzar per afrontar vuit reptes diferents. Per descobrir el seu grup de&hellip;  <a href=\"https:\/\/agora.xtec.cat\/escola-solivent\/portada\/a-lhort-entre-reptes-i-paraules-descobrim-el-nou-projecte\/\" title=\"Read A L\u2019HORT, ENTRE REPTES I PARAULES: DESCOBRIM EL NOU PROJECTE!\">Llegeix m\u00e9s\u00bb<\/a><\/p>\n","protected":false},"author":1,"featured_media":4992,"comment_status":"open","ping_status":"open","sticky":false,"template":"","format":"standard","meta":{"_bbp_topic_count":0,"_bbp_reply_count":0,"_bbp_total_topic_count":0,"_bbp_total_reply_count":0,"_bbp_voice_count":0,"_bbp_anonymous_reply_count":0,"_bbp_topic_count_hidden":0,"_bbp_reply_count_hidden":0,"_bbp_forum_subforum_count":0,"footnotes":""},"categories":[12,13,4,5],"tags":[315,57,168],"class_list":["post-4991","post","type-post","status-publish","format-standard","has-post-thumbnail","hentry","category-3r","category-4t","category-portada","category-primaria","tag-dinamica-provocadora","tag-hort","tag-projecte"],"post_mailing_queue_ids":[],"_links":{"self":[{"href":"https:\/\/agora.xtec.cat\/escola-solivent\/wp-json\/wp\/v2\/posts\/4991","targetHints":{"allow":["GET"]}}],"collection":[{"href":"https:\/\/agora.xtec.cat\/escola-solivent\/wp-json\/wp\/v2\/posts"}],"about":[{"href":"https:\/\/agora.xtec.cat\/escola-solivent\/wp-json\/wp\/v2\/types\/post"}],"author":[{"embeddable":true,"href":"https:\/\/agora.xtec.cat\/escola-solivent\/wp-json\/wp\/v2\/users\/1"}],"replies":[{"embeddable":true,"href":"https:\/\/agora.xtec.cat\/escola-solivent\/wp-json\/wp\/v2\/comments?post=4991"}],"version-history":[{"count":1,"href":"https:\/\/agora.xtec.cat\/escola-solivent\/wp-json\/wp\/v2\/posts\/4991\/revisions"}],"predecessor-version":[{"id":4993,"href":"https:\/\/agora.xtec.cat\/escola-solivent\/wp-json\/wp\/v2\/posts\/4991\/revisions\/4993"}],"wp:featuredmedia":[{"embeddable":true,"href":"https:\/\/agora.xtec.cat\/escola-solivent\/wp-json\/wp\/v2\/media\/4992"}],"wp:attachment":[{"href":"https:\/\/agora.xtec.cat\/escola-solivent\/wp-json\/wp\/v2\/media?parent=4991"}],"wp:term":[{"taxonomy":"category","embeddable":true,"href":"https:\/\/agora.xtec.cat\/escola-solivent\/wp-json\/wp\/v2\/categories?post=4991"},{"taxonomy":"post_tag","embeddable":true,"href":"https:\/\/agora.xtec.cat\/escola-solivent\/wp-json\/wp\/v2\/tags?post=4991"}],"curies":[{"name":"wp","href":"https:\/\/api.w.org\/{rel}","templated":true}]}}