{"id":4972,"date":"2026-03-28T13:23:09","date_gmt":"2026-03-28T12:23:09","guid":{"rendered":"https:\/\/agora.xtec.cat\/escola-solivent\/?p=4972"},"modified":"2026-03-28T13:23:09","modified_gmt":"2026-03-28T12:23:09","slug":"cicle-inicial-encetem-nou-projecte-les-plantes","status":"publish","type":"post","link":"https:\/\/agora.xtec.cat\/escola-solivent\/general\/cicle-inicial-encetem-nou-projecte-les-plantes\/","title":{"rendered":"Cicle inicial encetem nou projecte: les plantes."},"content":{"rendered":"<p><span style=\"font-weight: 400;\">Despr\u00e9s d\u2019haver descobert, mitjan\u00e7ant una din\u00e0mica a l\u2019hort de l\u2019escola, que aquest trimestre investigarem i aprendrem sobre les plantes i les seves caracter\u00edstiques, els i les alumnes de cicle inicial hem anat de sortida al Camp de les Aromes de l\u2019Escala per comen\u00e7ar a posar arrels al projecte. Hem apr\u00e8s sobre les plantes arom\u00e0tiques, medicinals i culinaries i hi hem realitzat dos tallers.<\/span><\/p>\n<p><a href=\"https:\/\/agora.xtec.cat\/escola-solivent\/wp-content\/uploads\/usu1558\/2026\/03\/fotos.png\"><img loading=\"lazy\" decoding=\"async\" class=\"aligncenter size-medium wp-image-4973\" src=\"https:\/\/agora.xtec.cat\/escola-solivent\/wp-content\/uploads\/usu1558\/2026\/03\/fotos-300x212.png\" alt=\"\" width=\"300\" height=\"212\" srcset=\"https:\/\/agora.xtec.cat\/escola-solivent\/wp-content\/uploads\/usu1558\/2026\/03\/fotos-300x212.png 300w, https:\/\/agora.xtec.cat\/escola-solivent\/wp-content\/uploads\/usu1558\/2026\/03\/fotos-1024x724.png 1024w, https:\/\/agora.xtec.cat\/escola-solivent\/wp-content\/uploads\/usu1558\/2026\/03\/fotos-768x543.png 768w, https:\/\/agora.xtec.cat\/escola-solivent\/wp-content\/uploads\/usu1558\/2026\/03\/fotos-1536x1086.png 1536w, https:\/\/agora.xtec.cat\/escola-solivent\/wp-content\/uploads\/usu1558\/2026\/03\/fotos.png 2000w\" sizes=\"auto, (max-width: 300px) 100vw, 300px\" \/><\/a><\/p>\n","protected":false},"excerpt":{"rendered":"<p>Despr\u00e9s d\u2019haver descobert, mitjan\u00e7ant una din\u00e0mica a l\u2019hort de l\u2019escola, que aquest trimestre investigarem i aprendrem sobre les plantes i les seves caracter\u00edstiques, els i les alumnes de cicle inicial hem anat de sortida al Camp de les Aromes de l\u2019Escala per comen\u00e7ar a posar&hellip;  <a href=\"https:\/\/agora.xtec.cat\/escola-solivent\/general\/cicle-inicial-encetem-nou-projecte-les-plantes\/\" title=\"Read Cicle inicial encetem nou projecte: les plantes.\">Llegeix m\u00e9s\u00bb<\/a><\/p>\n","protected":false},"author":1,"featured_media":0,"comment_status":"open","ping_status":"open","sticky":false,"template":"","format":"standard","meta":{"_bbp_topic_count":0,"_bbp_reply_count":0,"_bbp_total_topic_count":0,"_bbp_total_reply_count":0,"_bbp_voice_count":0,"_bbp_anonymous_reply_count":0,"_bbp_topic_count_hidden":0,"_bbp_reply_count_hidden":0,"_bbp_forum_subforum_count":0,"footnotes":""},"categories":[10,11,1,4,5],"tags":[133],"class_list":["post-4972","post","type-post","status-publish","format-standard","hentry","category-1r","category-2n","category-general","category-portada","category-primaria","tag-plantes"],"post_mailing_queue_ids":[],"_links":{"self":[{"href":"https:\/\/agora.xtec.cat\/escola-solivent\/wp-json\/wp\/v2\/posts\/4972","targetHints":{"allow":["GET"]}}],"collection":[{"href":"https:\/\/agora.xtec.cat\/escola-solivent\/wp-json\/wp\/v2\/posts"}],"about":[{"href":"https:\/\/agora.xtec.cat\/escola-solivent\/wp-json\/wp\/v2\/types\/post"}],"author":[{"embeddable":true,"href":"https:\/\/agora.xtec.cat\/escola-solivent\/wp-json\/wp\/v2\/users\/1"}],"replies":[{"embeddable":true,"href":"https:\/\/agora.xtec.cat\/escola-solivent\/wp-json\/wp\/v2\/comments?post=4972"}],"version-history":[{"count":1,"href":"https:\/\/agora.xtec.cat\/escola-solivent\/wp-json\/wp\/v2\/posts\/4972\/revisions"}],"predecessor-version":[{"id":4974,"href":"https:\/\/agora.xtec.cat\/escola-solivent\/wp-json\/wp\/v2\/posts\/4972\/revisions\/4974"}],"wp:attachment":[{"href":"https:\/\/agora.xtec.cat\/escola-solivent\/wp-json\/wp\/v2\/media?parent=4972"}],"wp:term":[{"taxonomy":"category","embeddable":true,"href":"https:\/\/agora.xtec.cat\/escola-solivent\/wp-json\/wp\/v2\/categories?post=4972"},{"taxonomy":"post_tag","embeddable":true,"href":"https:\/\/agora.xtec.cat\/escola-solivent\/wp-json\/wp\/v2\/tags?post=4972"}],"curies":[{"name":"wp","href":"https:\/\/api.w.org\/{rel}","templated":true}]}}