{"id":4967,"date":"2026-03-28T14:52:44","date_gmt":"2026-03-28T13:52:44","guid":{"rendered":"https:\/\/agora.xtec.cat\/escola-solivent\/?p=4967"},"modified":"2026-03-29T11:56:41","modified_gmt":"2026-03-29T09:56:41","slug":"sol-i-vent-celebra-la-seva-segona-diada-de-lesport","status":"publish","type":"post","link":"https:\/\/agora.xtec.cat\/escola-solivent\/general\/sol-i-vent-celebra-la-seva-segona-diada-de-lesport\/","title":{"rendered":"SOL I VENT CELEBRA LA SEGONA DIADA DE L&#8217;ESPORT."},"content":{"rendered":"<p>L\u2019\u00faltim dia del segon trimestre, l\u2019escola va celebrar la Diada de l\u2019Esport, una jornada molt especial que enguany arribava a la seva segona edici\u00f3. Tant l\u2019alumnat de prim\u00e0ria com els nens i nenes d\u2019infantil hi van participar, gaudint d\u2019un dia ple de moviment, joc, conviv\u00e8ncia i una mica de vent.<\/p>\n<p data-start=\"0\" data-end=\"296\">En acabar la jornada, vam celebrar l\u2019entrega de premis, un moment molt esperat per tots els participants. Es va recon\u00e8ixer l\u2019actitud dels equips m\u00e9s esportius, els m\u00e9s divertits i tamb\u00e9 \u2014amb molt bon humor\u2014 aquells m\u00e9s \u201cqueixiques\u201d.<\/p>\n<p data-start=\"298\" data-end=\"636\">Volem expressar un agra\u00efment especial a tots els col\u00b7laboradors que, amb el seu suport, han fet possible que l\u2019alumnat del Sol i Vent hagi marxat il\u00b7lusionat i amb un gran somriure: Ajuntament de Vilafant, Copi Olot, Bon Preu Supermercats, Fleca PaPa, Pintures l\u2019Albera SL, Carb\u00f2niques Punset, Quatre Vents Fruites i Verdures i Valosport.<\/p>\n<p data-start=\"638\" data-end=\"703\" data-is-last-node=\"\" data-is-only-node=\"\">Segur que el curs vinent repetim\u2026 i qui sap si encara ho superem!<\/p>\n<p data-start=\"638\" data-end=\"703\" data-is-last-node=\"\" data-is-only-node=\"\">Clica aqu\u00ed per veure un <a href=\"https:\/\/drive.google.com\/file\/d\/1OCIB3m37OJyWyXbQ5pnHovUxSF1YyfDc\/view?usp=sharing\">mini v\u00eddeo.<\/a><\/p>\n<p data-start=\"638\" data-end=\"703\" data-is-last-node=\"\" data-is-only-node=\"\"><a href=\"https:\/\/agora.xtec.cat\/escola-solivent\/wp-content\/uploads\/usu1558\/2026\/03\/Captura-de-pantalla-2026-03-28-a-les-13.01.21.png\"><img loading=\"lazy\" decoding=\"async\" class=\"size-medium wp-image-4968 aligncenter\" src=\"https:\/\/agora.xtec.cat\/escola-solivent\/wp-content\/uploads\/usu1558\/2026\/03\/Captura-de-pantalla-2026-03-28-a-les-13.01.21-300x208.png\" alt=\"\" width=\"300\" height=\"208\" srcset=\"https:\/\/agora.xtec.cat\/escola-solivent\/wp-content\/uploads\/usu1558\/2026\/03\/Captura-de-pantalla-2026-03-28-a-les-13.01.21-300x208.png 300w, https:\/\/agora.xtec.cat\/escola-solivent\/wp-content\/uploads\/usu1558\/2026\/03\/Captura-de-pantalla-2026-03-28-a-les-13.01.21-1024x710.png 1024w, https:\/\/agora.xtec.cat\/escola-solivent\/wp-content\/uploads\/usu1558\/2026\/03\/Captura-de-pantalla-2026-03-28-a-les-13.01.21-768x532.png 768w, https:\/\/agora.xtec.cat\/escola-solivent\/wp-content\/uploads\/usu1558\/2026\/03\/Captura-de-pantalla-2026-03-28-a-les-13.01.21-1536x1065.png 1536w, https:\/\/agora.xtec.cat\/escola-solivent\/wp-content\/uploads\/usu1558\/2026\/03\/Captura-de-pantalla-2026-03-28-a-les-13.01.21.png 1826w\" sizes=\"auto, (max-width: 300px) 100vw, 300px\" \/><\/a><\/p>\n","protected":false},"excerpt":{"rendered":"<p>L\u2019\u00faltim dia del segon trimestre, l\u2019escola va celebrar la Diada de l\u2019Esport, una jornada molt especial que enguany arribava a la seva segona edici\u00f3. Tant l\u2019alumnat de prim\u00e0ria com els nens i nenes d\u2019infantil hi van participar, gaudint d\u2019un dia ple de moviment, joc, conviv\u00e8ncia&hellip;  <a href=\"https:\/\/agora.xtec.cat\/escola-solivent\/general\/sol-i-vent-celebra-la-seva-segona-diada-de-lesport\/\" title=\"Read SOL I VENT CELEBRA LA SEGONA DIADA DE L&#8217;ESPORT.\">Llegeix m\u00e9s\u00bb<\/a><\/p>\n","protected":false},"author":1,"featured_media":4970,"comment_status":"open","ping_status":"open","sticky":false,"template":"","format":"standard","meta":{"_bbp_topic_count":0,"_bbp_reply_count":0,"_bbp_total_topic_count":0,"_bbp_total_reply_count":0,"_bbp_voice_count":0,"_bbp_anonymous_reply_count":0,"_bbp_topic_count_hidden":0,"_bbp_reply_count_hidden":0,"_bbp_forum_subforum_count":0,"footnotes":""},"categories":[1,2,4,5],"tags":[333,64,233],"class_list":["post-4967","post","type-post","status-publish","format-standard","has-post-thumbnail","hentry","category-general","category-infantil","category-portada","category-primaria","tag-diada-de-lesport","tag-educacio-fisica","tag-valors"],"post_mailing_queue_ids":[],"_links":{"self":[{"href":"https:\/\/agora.xtec.cat\/escola-solivent\/wp-json\/wp\/v2\/posts\/4967","targetHints":{"allow":["GET"]}}],"collection":[{"href":"https:\/\/agora.xtec.cat\/escola-solivent\/wp-json\/wp\/v2\/posts"}],"about":[{"href":"https:\/\/agora.xtec.cat\/escola-solivent\/wp-json\/wp\/v2\/types\/post"}],"author":[{"embeddable":true,"href":"https:\/\/agora.xtec.cat\/escola-solivent\/wp-json\/wp\/v2\/users\/1"}],"replies":[{"embeddable":true,"href":"https:\/\/agora.xtec.cat\/escola-solivent\/wp-json\/wp\/v2\/comments?post=4967"}],"version-history":[{"count":2,"href":"https:\/\/agora.xtec.cat\/escola-solivent\/wp-json\/wp\/v2\/posts\/4967\/revisions"}],"predecessor-version":[{"id":4976,"href":"https:\/\/agora.xtec.cat\/escola-solivent\/wp-json\/wp\/v2\/posts\/4967\/revisions\/4976"}],"wp:featuredmedia":[{"embeddable":true,"href":"https:\/\/agora.xtec.cat\/escola-solivent\/wp-json\/wp\/v2\/media\/4970"}],"wp:attachment":[{"href":"https:\/\/agora.xtec.cat\/escola-solivent\/wp-json\/wp\/v2\/media?parent=4967"}],"wp:term":[{"taxonomy":"category","embeddable":true,"href":"https:\/\/agora.xtec.cat\/escola-solivent\/wp-json\/wp\/v2\/categories?post=4967"},{"taxonomy":"post_tag","embeddable":true,"href":"https:\/\/agora.xtec.cat\/escola-solivent\/wp-json\/wp\/v2\/tags?post=4967"}],"curies":[{"name":"wp","href":"https:\/\/api.w.org\/{rel}","templated":true}]}}