{"id":4953,"date":"2026-03-15T10:54:57","date_gmt":"2026-03-15T09:54:57","guid":{"rendered":"https:\/\/agora.xtec.cat\/escola-solivent\/?p=4953"},"modified":"2026-03-15T10:54:57","modified_gmt":"2026-03-15T09:54:57","slug":"participem-al-certamen-de-lectura-en-veu-alta","status":"publish","type":"post","link":"https:\/\/agora.xtec.cat\/escola-solivent\/general\/participem-al-certamen-de-lectura-en-veu-alta\/","title":{"rendered":"PARTICIPEM AL CERTAMEN DE LECTURA EN VEU ALTA"},"content":{"rendered":"<div class=\"xdj266r x14z9mp xat24cr x1lziwak x1vvkbs x126k92a\">\n<div dir=\"auto\">Al llarg d&#8217;aquesta setmana, al teatre auditori dels Caputxins de Figueres s&#8217;ha celebrat el concurs de certamen en veu alta.<\/div>\n<div dir=\"auto\"><\/div>\n<\/div>\n<div class=\"x14z9mp xat24cr x1lziwak x1vvkbs xtlvy1s x126k92a\"><\/div>\n<div class=\"x14z9mp xat24cr x1lziwak x1vvkbs xtlvy1s x126k92a\">\n<div dir=\"auto\">L&#8217;Alba de 4t i l&#8217;Axel de 6\u00e8 han pogut gaudir d&#8217;aquesta experi\u00e8ncia; participant en dues categories: <span style=\"font-family: inherit; font-size: 1em;\">grumets vermells (cicle mitj\u00e0) i grumets verds (cicle superior).<\/span><\/div>\n<div dir=\"auto\"><\/div>\n<\/div>\n<div dir=\"auto\">\n<p>Enhorabona per haver arribat fins aqu\u00ed i esperem que seguiu gaudint de la lectura!<\/p>\n<\/div>\n<p><a href=\"https:\/\/agora.xtec.cat\/escola-solivent\/wp-content\/uploads\/usu1558\/2026\/03\/Captura-de-pantalla-2026-03-15-a-les-10.52.25.png\"><img loading=\"lazy\" decoding=\"async\" class=\"aligncenter size-medium wp-image-4955\" src=\"https:\/\/agora.xtec.cat\/escola-solivent\/wp-content\/uploads\/usu1558\/2026\/03\/Captura-de-pantalla-2026-03-15-a-les-10.52.25-228x300.png\" alt=\"\" width=\"228\" height=\"300\" srcset=\"https:\/\/agora.xtec.cat\/escola-solivent\/wp-content\/uploads\/usu1558\/2026\/03\/Captura-de-pantalla-2026-03-15-a-les-10.52.25-228x300.png 228w, https:\/\/agora.xtec.cat\/escola-solivent\/wp-content\/uploads\/usu1558\/2026\/03\/Captura-de-pantalla-2026-03-15-a-les-10.52.25-768x1012.png 768w, https:\/\/agora.xtec.cat\/escola-solivent\/wp-content\/uploads\/usu1558\/2026\/03\/Captura-de-pantalla-2026-03-15-a-les-10.52.25.png 774w\" sizes=\"auto, (max-width: 228px) 100vw, 228px\" \/><\/a> <a href=\"https:\/\/agora.xtec.cat\/escola-solivent\/wp-content\/uploads\/usu1558\/2026\/03\/PHOTO-2026-03-13-10-14-07.jpg\"><img loading=\"lazy\" decoding=\"async\" class=\"aligncenter size-medium wp-image-4956\" src=\"https:\/\/agora.xtec.cat\/escola-solivent\/wp-content\/uploads\/usu1558\/2026\/03\/PHOTO-2026-03-13-10-14-07-225x300.jpg\" alt=\"\" width=\"225\" height=\"300\" srcset=\"https:\/\/agora.xtec.cat\/escola-solivent\/wp-content\/uploads\/usu1558\/2026\/03\/PHOTO-2026-03-13-10-14-07-225x300.jpg 225w, https:\/\/agora.xtec.cat\/escola-solivent\/wp-content\/uploads\/usu1558\/2026\/03\/PHOTO-2026-03-13-10-14-07-768x1024.jpg 768w, https:\/\/agora.xtec.cat\/escola-solivent\/wp-content\/uploads\/usu1558\/2026\/03\/PHOTO-2026-03-13-10-14-07-1152x1536.jpg 1152w, https:\/\/agora.xtec.cat\/escola-solivent\/wp-content\/uploads\/usu1558\/2026\/03\/PHOTO-2026-03-13-10-14-07.jpg 1536w\" sizes=\"auto, (max-width: 225px) 100vw, 225px\" \/><\/a><\/p>\n","protected":false},"excerpt":{"rendered":"<p>Al llarg d&#8217;aquesta setmana, al teatre auditori dels Caputxins de Figueres s&#8217;ha celebrat el concurs de certamen en veu alta.<\/p>\n<p>L&#8217;Alba de 4t i l&#8217;Axel de 6\u00e8 han pogut gaudir d&#8217;aquesta experi\u00e8ncia; participant en dues categories: grumets vermells (cicle mitj\u00e0) i grumets verds (cicle superior).<\/p>\n<p>Enhorabona per&hellip;  <a href=\"https:\/\/agora.xtec.cat\/escola-solivent\/general\/participem-al-certamen-de-lectura-en-veu-alta\/\" title=\"Read PARTICIPEM AL CERTAMEN DE LECTURA EN VEU ALTA\">Llegeix m\u00e9s\u00bb<\/a><\/p>\n","protected":false},"author":1,"featured_media":4957,"comment_status":"open","ping_status":"open","sticky":false,"template":"","format":"standard","meta":{"_bbp_topic_count":0,"_bbp_reply_count":0,"_bbp_total_topic_count":0,"_bbp_total_reply_count":0,"_bbp_voice_count":0,"_bbp_anonymous_reply_count":0,"_bbp_topic_count_hidden":0,"_bbp_reply_count_hidden":0,"_bbp_forum_subforum_count":0,"footnotes":""},"categories":[13,15,1,4,5],"tags":[],"class_list":["post-4953","post","type-post","status-publish","format-standard","has-post-thumbnail","hentry","category-4t","category-6e","category-general","category-portada","category-primaria"],"post_mailing_queue_ids":[],"_links":{"self":[{"href":"https:\/\/agora.xtec.cat\/escola-solivent\/wp-json\/wp\/v2\/posts\/4953","targetHints":{"allow":["GET"]}}],"collection":[{"href":"https:\/\/agora.xtec.cat\/escola-solivent\/wp-json\/wp\/v2\/posts"}],"about":[{"href":"https:\/\/agora.xtec.cat\/escola-solivent\/wp-json\/wp\/v2\/types\/post"}],"author":[{"embeddable":true,"href":"https:\/\/agora.xtec.cat\/escola-solivent\/wp-json\/wp\/v2\/users\/1"}],"replies":[{"embeddable":true,"href":"https:\/\/agora.xtec.cat\/escola-solivent\/wp-json\/wp\/v2\/comments?post=4953"}],"version-history":[{"count":2,"href":"https:\/\/agora.xtec.cat\/escola-solivent\/wp-json\/wp\/v2\/posts\/4953\/revisions"}],"predecessor-version":[{"id":4958,"href":"https:\/\/agora.xtec.cat\/escola-solivent\/wp-json\/wp\/v2\/posts\/4953\/revisions\/4958"}],"wp:featuredmedia":[{"embeddable":true,"href":"https:\/\/agora.xtec.cat\/escola-solivent\/wp-json\/wp\/v2\/media\/4957"}],"wp:attachment":[{"href":"https:\/\/agora.xtec.cat\/escola-solivent\/wp-json\/wp\/v2\/media?parent=4953"}],"wp:term":[{"taxonomy":"category","embeddable":true,"href":"https:\/\/agora.xtec.cat\/escola-solivent\/wp-json\/wp\/v2\/categories?post=4953"},{"taxonomy":"post_tag","embeddable":true,"href":"https:\/\/agora.xtec.cat\/escola-solivent\/wp-json\/wp\/v2\/tags?post=4953"}],"curies":[{"name":"wp","href":"https:\/\/api.w.org\/{rel}","templated":true}]}}