{"id":4938,"date":"2026-03-03T20:59:03","date_gmt":"2026-03-03T19:59:03","guid":{"rendered":"https:\/\/agora.xtec.cat\/escola-solivent\/?p=4938"},"modified":"2026-03-03T20:59:03","modified_gmt":"2026-03-03T19:59:03","slug":"informacio-de-la-preinscripcio-i-matriculacio-pel-curs-26-27","status":"publish","type":"post","link":"https:\/\/agora.xtec.cat\/escola-solivent\/general\/informacio-de-la-preinscripcio-i-matriculacio-pel-curs-26-27\/","title":{"rendered":"INFORMACI\u00d3 DE LA PREINSCRIPCI\u00d3 I MATRICULACI\u00d3 PEL CURS 26-27"},"content":{"rendered":"<h2 style=\"text-align: center;\"><\/h2>\n<h3><a href=\"https:\/\/preinscripcio.gencat.cat\/ca\/inici\/\">INFORMACI\u00d3 DE LA PREINSCRIPCI\u00d3 (del 4 al 18 de mar\u00e7)\u00a0<\/a><a href=\"https:\/\/preinscripcio.gencat.cat\/ca\/inici\/\">\u00a0I MATRICULACI\u00d3.<\/a><\/h3>\n<ul>\n<li class=\"NG-menu__title\"><a href=\"https:\/\/preinscripcio.gencat.cat\/ca\/detalls\/noticia\/dates-preinscripcio-2026-2027\">Calendari de presentaci\u00f3 de sol\u00b7licituds per a la preinscripci\u00f3 del curs 2026-2027 (del 4 al 18 de mar\u00e7 de 2026)\u00a0<\/a><\/li>\n<li class=\"NG-menu__title\"><a href=\"https:\/\/preinscripcio.gencat.cat\/ca\/estudis\/infantil-3-6\/preinscriute\/sollicitud\/\">Fes la sol\u00b7licitud de preinscripci\u00f3<\/a><\/li>\n<li><a href=\"https:\/\/drive.google.com\/file\/d\/1MmbJGacNWLbAs7FKpuqDRz4716_cno9e\/view?usp=sharing\">Publicaci\u00f3 de l\u2019oferta inicial de places<\/a><\/li>\n<\/ul>\n","protected":false},"excerpt":{"rendered":"<p><a href=\"https:\/\/preinscripcio.gencat.cat\/ca\/inici\/\">INFORMACI\u00d3 DE LA PREINSCRIPCI\u00d3 (del 4 al 18 de mar\u00e7)\u00a0<\/a><a href=\"https:\/\/preinscripcio.gencat.cat\/ca\/inici\/\">\u00a0I MATRICULACI\u00d3.<\/a><\/p>\n<ul>\n<li class=\"NG-menu__title\"><a href=\"https:\/\/preinscripcio.gencat.cat\/ca\/detalls\/noticia\/dates-preinscripcio-2026-2027\">Calendari de presentaci\u00f3 de sol\u00b7licituds per a la preinscripci\u00f3 del curs 2026-2027 (del 4 al 18 de mar\u00e7 de 2026)\u00a0<\/a><\/li>\n<li class=\"NG-menu__title\"><a href=\"https:\/\/preinscripcio.gencat.cat\/ca\/estudis\/infantil-3-6\/preinscriute\/sollicitud\/\">Fes la sol\u00b7licitud de preinscripci\u00f3<\/a><\/li>\n<li><a href=\"https:\/\/drive.google.com\/file\/d\/1MmbJGacNWLbAs7FKpuqDRz4716_cno9e\/view?usp=sharing\">Publicaci\u00f3 de l\u2019oferta inicial de&hellip;  <a href=\"https:\/\/agora.xtec.cat\/escola-solivent\/general\/informacio-de-la-preinscripcio-i-matriculacio-pel-curs-26-27\/\" title=\"Read INFORMACI\u00d3 DE LA PREINSCRIPCI\u00d3 I MATRICULACI\u00d3 PEL CURS 26-27\">Llegeix m\u00e9s\u00bb<\/a><br \/>\n","protected":false},"author":1,"featured_media":4939,"comment_status":"open","ping_status":"open","sticky":false,"template":"","format":"standard","meta":{"_bbp_topic_count":0,"_bbp_reply_count":0,"_bbp_total_topic_count":0,"_bbp_total_reply_count":0,"_bbp_voice_count":0,"_bbp_anonymous_reply_count":0,"_bbp_topic_count_hidden":0,"_bbp_reply_count_hidden":0,"_bbp_forum_subforum_count":0,"footnotes":""},"categories":[1,4],"tags":[186],"class_list":["post-4938","post","type-post","status-publish","format-standard","has-post-thumbnail","hentry","category-general","category-portada","tag-preinscripcio"],"post_mailing_queue_ids":[],"_links":{"self":[{"href":"https:\/\/agora.xtec.cat\/escola-solivent\/wp-json\/wp\/v2\/posts\/4938","targetHints":{"allow":["GET"]}}],"collection":[{"href":"https:\/\/agora.xtec.cat\/escola-solivent\/wp-json\/wp\/v2\/posts"}],"about":[{"href":"https:\/\/agora.xtec.cat\/escola-solivent\/wp-json\/wp\/v2\/types\/post"}],"author":[{"embeddable":true,"href":"https:\/\/agora.xtec.cat\/escola-solivent\/wp-json\/wp\/v2\/users\/1"}],"replies":[{"embeddable":true,"href":"https:\/\/agora.xtec.cat\/escola-solivent\/wp-json\/wp\/v2\/comments?post=4938"}],"version-history":[{"count":1,"href":"https:\/\/agora.xtec.cat\/escola-solivent\/wp-json\/wp\/v2\/posts\/4938\/revisions"}],"predecessor-version":[{"id":4940,"href":"https:\/\/agora.xtec.cat\/escola-solivent\/wp-json\/wp\/v2\/posts\/4938\/revisions\/4940"}],"wp:featuredmedia":[{"embeddable":true,"href":"https:\/\/agora.xtec.cat\/escola-solivent\/wp-json\/wp\/v2\/media\/4939"}],"wp:attachment":[{"href":"https:\/\/agora.xtec.cat\/escola-solivent\/wp-json\/wp\/v2\/media?parent=4938"}],"wp:term":[{"taxonomy":"category","embeddable":true,"href":"https:\/\/agora.xtec.cat\/escola-solivent\/wp-json\/wp\/v2\/categories?post=4938"},{"taxonomy":"post_tag","embeddable":true,"href":"https:\/\/agora.xtec.cat\/escola-solivent\/wp-json\/wp\/v2\/tags?post=4938"}],"curies":[{"name":"wp","href":"https:\/\/api.w.org\/{rel}","templated":true}]}}