{"id":4858,"date":"2025-11-30T16:45:37","date_gmt":"2025-11-30T15:45:37","guid":{"rendered":"https:\/\/agora.xtec.cat\/escola-solivent\/?p=4858"},"modified":"2025-11-30T16:45:37","modified_gmt":"2025-11-30T15:45:37","slug":"visitem-el-geriatric-de-vilafant","status":"publish","type":"post","link":"https:\/\/agora.xtec.cat\/escola-solivent\/general\/visitem-el-geriatric-de-vilafant\/","title":{"rendered":"VISITEM EL GERI\u00c0TRIC DE VILAFANT"},"content":{"rendered":"<p><span style=\"font-weight: 400;\">Durant el projecte de la fam\u00edlia, els nens i nenes de cicle inicial, vam\u00a0 intercanviar\/escriure\u2019ns\u00a0 cartes amb les persones grans del Geri\u00e0tric Les Forques i els vam anar a visitar per tal de con\u00e8ixer-nos en persona. Va ser un mat\u00ed molt bonic i ple d\u2019emocions.<\/span><\/p>\n<p><span style=\"font-weight: 400;\">El dia 16 de desembre hi tornarem per compartir amb ells les can\u00e7ons i els poemes de Nadal que hem apr\u00e8s!<\/span><\/p>\n<p>Clica <a href=\"https:\/\/drive.google.com\/file\/d\/10R5RE9CRbZaByGGyEVq2vP75uSPkw-Vc\/view?usp=sharing\">aqu\u00ed<\/a> per veure el v\u00eddeo.<\/p>\n<p><a href=\"https:\/\/agora.xtec.cat\/escola-solivent\/wp-content\/uploads\/usu1558\/2025\/11\/Captura-de-pantalla-2025-11-30-a-les-16.44.29-a-mida-mitjana.png\"><img loading=\"lazy\" decoding=\"async\" class=\"aligncenter size-medium wp-image-4859\" src=\"https:\/\/agora.xtec.cat\/escola-solivent\/wp-content\/uploads\/usu1558\/2025\/11\/Captura-de-pantalla-2025-11-30-a-les-16.44.29-a-mida-mitjana-300x147.png\" alt=\"\" width=\"300\" height=\"147\" srcset=\"https:\/\/agora.xtec.cat\/escola-solivent\/wp-content\/uploads\/usu1558\/2025\/11\/Captura-de-pantalla-2025-11-30-a-les-16.44.29-a-mida-mitjana-300x147.png 300w, https:\/\/agora.xtec.cat\/escola-solivent\/wp-content\/uploads\/usu1558\/2025\/11\/Captura-de-pantalla-2025-11-30-a-les-16.44.29-a-mida-mitjana.png 640w\" sizes=\"auto, (max-width: 300px) 100vw, 300px\" \/><\/a><\/p>\n","protected":false},"excerpt":{"rendered":"<p>Durant el projecte de la fam\u00edlia, els nens i nenes de cicle inicial, vam\u00a0 intercanviar\/escriure\u2019ns\u00a0 cartes amb les persones grans del Geri\u00e0tric Les Forques i els vam anar a visitar per tal de con\u00e8ixer-nos en persona. Va ser un mat\u00ed molt bonic i ple d\u2019emocions.<br \/>\nEl&hellip;  <a href=\"https:\/\/agora.xtec.cat\/escola-solivent\/general\/visitem-el-geriatric-de-vilafant\/\" title=\"Read VISITEM EL GERI\u00c0TRIC DE VILAFANT\">Llegeix m\u00e9s\u00bb<\/a><\/p>\n","protected":false},"author":1,"featured_media":4860,"comment_status":"open","ping_status":"open","sticky":false,"template":"","format":"standard","meta":{"_bbp_topic_count":0,"_bbp_reply_count":0,"_bbp_total_topic_count":0,"_bbp_total_reply_count":0,"_bbp_voice_count":0,"_bbp_anonymous_reply_count":0,"_bbp_topic_count_hidden":0,"_bbp_reply_count_hidden":0,"_bbp_forum_subforum_count":0,"footnotes":""},"categories":[10,11,1,4,5],"tags":[326,160,168],"class_list":["post-4858","post","type-post","status-publish","format-standard","has-post-thumbnail","hentry","category-1r","category-2n","category-general","category-portada","category-primaria","tag-geriatric","tag-poble","tag-projecte"],"post_mailing_queue_ids":[],"_links":{"self":[{"href":"https:\/\/agora.xtec.cat\/escola-solivent\/wp-json\/wp\/v2\/posts\/4858","targetHints":{"allow":["GET"]}}],"collection":[{"href":"https:\/\/agora.xtec.cat\/escola-solivent\/wp-json\/wp\/v2\/posts"}],"about":[{"href":"https:\/\/agora.xtec.cat\/escola-solivent\/wp-json\/wp\/v2\/types\/post"}],"author":[{"embeddable":true,"href":"https:\/\/agora.xtec.cat\/escola-solivent\/wp-json\/wp\/v2\/users\/1"}],"replies":[{"embeddable":true,"href":"https:\/\/agora.xtec.cat\/escola-solivent\/wp-json\/wp\/v2\/comments?post=4858"}],"version-history":[{"count":1,"href":"https:\/\/agora.xtec.cat\/escola-solivent\/wp-json\/wp\/v2\/posts\/4858\/revisions"}],"predecessor-version":[{"id":4861,"href":"https:\/\/agora.xtec.cat\/escola-solivent\/wp-json\/wp\/v2\/posts\/4858\/revisions\/4861"}],"wp:featuredmedia":[{"embeddable":true,"href":"https:\/\/agora.xtec.cat\/escola-solivent\/wp-json\/wp\/v2\/media\/4860"}],"wp:attachment":[{"href":"https:\/\/agora.xtec.cat\/escola-solivent\/wp-json\/wp\/v2\/media?parent=4858"}],"wp:term":[{"taxonomy":"category","embeddable":true,"href":"https:\/\/agora.xtec.cat\/escola-solivent\/wp-json\/wp\/v2\/categories?post=4858"},{"taxonomy":"post_tag","embeddable":true,"href":"https:\/\/agora.xtec.cat\/escola-solivent\/wp-json\/wp\/v2\/tags?post=4858"}],"curies":[{"name":"wp","href":"https:\/\/api.w.org\/{rel}","templated":true}]}}