{"id":4847,"date":"2025-11-14T10:23:09","date_gmt":"2025-11-14T09:23:09","guid":{"rendered":"https:\/\/agora.xtec.cat\/escola-solivent\/?p=4847"},"modified":"2025-11-14T10:23:09","modified_gmt":"2025-11-14T09:23:09","slug":"anem-a-lhort-del-sol-i-vent","status":"publish","type":"post","link":"https:\/\/agora.xtec.cat\/escola-solivent\/general\/anem-a-lhort-del-sol-i-vent\/","title":{"rendered":"ANEM A L&#8217;HORT DEL SOL I VENT."},"content":{"rendered":"<p><span style=\"font-weight: 400;\">Cada dilluns obrim el pati i sortim a cuidar l\u2019hort, \u201cels t\u00e8cnics de medi ambient\u201d de cada curs de prim\u00e0ria es dirigeixen a les taules on esmorzem junts i ens preparem per realitzar les tasques. Durant aquesta estona, realitzem diferents tasques per mantenir-lo net i saludable: netegem els crestalls, observem el creixement de qu\u00e8 hem sembrat i plantat, i reguem si \u00e9s necessari. A m\u00e9s, fem altres feines importants com treure males herbes, recollir restes de vegetals per posar-les al guaret i preparar els espais per a noves sembres. Tamb\u00e9 aprofitem per observar els canvis de les plantes i dels insectes que hi viuen, aprenent com funciona la natura i la import\u00e0ncia de cuidar el nostre hort.<\/span><\/p>\n<p><span style=\"font-weight: 400;\">Treballant a l\u2019hort, aprenem a ser responsables, a cooperar amb els companys i a respectar el medi ambient.<\/span><\/p>\n<p><a href=\"https:\/\/agora.xtec.cat\/escola-solivent\/wp-content\/uploads\/usu1558\/2025\/11\/hort-1-1-scaled.jpg\"><img loading=\"lazy\" decoding=\"async\" class=\"aligncenter size-medium wp-image-4851\" src=\"https:\/\/agora.xtec.cat\/escola-solivent\/wp-content\/uploads\/usu1558\/2025\/11\/hort-1-1-300x226.jpg\" alt=\"\" width=\"300\" height=\"226\" srcset=\"https:\/\/agora.xtec.cat\/escola-solivent\/wp-content\/uploads\/usu1558\/2025\/11\/hort-1-1-300x226.jpg 300w, https:\/\/agora.xtec.cat\/escola-solivent\/wp-content\/uploads\/usu1558\/2025\/11\/hort-1-1-1024x771.jpg 1024w, https:\/\/agora.xtec.cat\/escola-solivent\/wp-content\/uploads\/usu1558\/2025\/11\/hort-1-1-768x578.jpg 768w, https:\/\/agora.xtec.cat\/escola-solivent\/wp-content\/uploads\/usu1558\/2025\/11\/hort-1-1-1536x1157.jpg 1536w, https:\/\/agora.xtec.cat\/escola-solivent\/wp-content\/uploads\/usu1558\/2025\/11\/hort-1-1-2048x1542.jpg 2048w, https:\/\/agora.xtec.cat\/escola-solivent\/wp-content\/uploads\/usu1558\/2025\/11\/hort-1-1-200x150.jpg 200w\" sizes=\"auto, (max-width: 300px) 100vw, 300px\" \/><\/a><a href=\"https:\/\/agora.xtec.cat\/escola-solivent\/wp-content\/uploads\/usu1558\/2025\/11\/fotos-hort.png\"><img loading=\"lazy\" decoding=\"async\" class=\"aligncenter size-medium wp-image-4848\" src=\"https:\/\/agora.xtec.cat\/escola-solivent\/wp-content\/uploads\/usu1558\/2025\/11\/fotos-hort-300x225.png\" alt=\"\" width=\"300\" height=\"225\" srcset=\"https:\/\/agora.xtec.cat\/escola-solivent\/wp-content\/uploads\/usu1558\/2025\/11\/fotos-hort-300x225.png 300w, https:\/\/agora.xtec.cat\/escola-solivent\/wp-content\/uploads\/usu1558\/2025\/11\/fotos-hort-768x576.png 768w, https:\/\/agora.xtec.cat\/escola-solivent\/wp-content\/uploads\/usu1558\/2025\/11\/fotos-hort-200x150.png 200w, https:\/\/agora.xtec.cat\/escola-solivent\/wp-content\/uploads\/usu1558\/2025\/11\/fotos-hort.png 1024w\" sizes=\"auto, (max-width: 300px) 100vw, 300px\" \/><\/a><\/p>\n","protected":false},"excerpt":{"rendered":"<p>Cada dilluns obrim el pati i sortim a cuidar l\u2019hort, \u201cels t\u00e8cnics de medi ambient\u201d de cada curs de prim\u00e0ria es dirigeixen a les taules on esmorzem junts i ens preparem per realitzar les tasques. Durant aquesta estona, realitzem diferents tasques per mantenir-lo net i&hellip;  <a href=\"https:\/\/agora.xtec.cat\/escola-solivent\/general\/anem-a-lhort-del-sol-i-vent\/\" title=\"Read ANEM A L&#8217;HORT DEL SOL I VENT.\">Llegeix m\u00e9s\u00bb<\/a><\/p>\n","protected":false},"author":1,"featured_media":4851,"comment_status":"open","ping_status":"open","sticky":false,"template":"","format":"standard","meta":{"_bbp_topic_count":0,"_bbp_reply_count":0,"_bbp_total_topic_count":0,"_bbp_total_reply_count":0,"_bbp_voice_count":0,"_bbp_anonymous_reply_count":0,"_bbp_topic_count_hidden":0,"_bbp_reply_count_hidden":0,"_bbp_forum_subforum_count":0,"footnotes":""},"categories":[1,4,5],"tags":[],"class_list":["post-4847","post","type-post","status-publish","format-standard","has-post-thumbnail","hentry","category-general","category-portada","category-primaria"],"post_mailing_queue_ids":[],"_links":{"self":[{"href":"https:\/\/agora.xtec.cat\/escola-solivent\/wp-json\/wp\/v2\/posts\/4847","targetHints":{"allow":["GET"]}}],"collection":[{"href":"https:\/\/agora.xtec.cat\/escola-solivent\/wp-json\/wp\/v2\/posts"}],"about":[{"href":"https:\/\/agora.xtec.cat\/escola-solivent\/wp-json\/wp\/v2\/types\/post"}],"author":[{"embeddable":true,"href":"https:\/\/agora.xtec.cat\/escola-solivent\/wp-json\/wp\/v2\/users\/1"}],"replies":[{"embeddable":true,"href":"https:\/\/agora.xtec.cat\/escola-solivent\/wp-json\/wp\/v2\/comments?post=4847"}],"version-history":[{"count":1,"href":"https:\/\/agora.xtec.cat\/escola-solivent\/wp-json\/wp\/v2\/posts\/4847\/revisions"}],"predecessor-version":[{"id":4852,"href":"https:\/\/agora.xtec.cat\/escola-solivent\/wp-json\/wp\/v2\/posts\/4847\/revisions\/4852"}],"wp:featuredmedia":[{"embeddable":true,"href":"https:\/\/agora.xtec.cat\/escola-solivent\/wp-json\/wp\/v2\/media\/4851"}],"wp:attachment":[{"href":"https:\/\/agora.xtec.cat\/escola-solivent\/wp-json\/wp\/v2\/media?parent=4847"}],"wp:term":[{"taxonomy":"category","embeddable":true,"href":"https:\/\/agora.xtec.cat\/escola-solivent\/wp-json\/wp\/v2\/categories?post=4847"},{"taxonomy":"post_tag","embeddable":true,"href":"https:\/\/agora.xtec.cat\/escola-solivent\/wp-json\/wp\/v2\/tags?post=4847"}],"curies":[{"name":"wp","href":"https:\/\/api.w.org\/{rel}","templated":true}]}}