{"id":4827,"date":"2025-11-03T10:52:06","date_gmt":"2025-11-03T09:52:06","guid":{"rendered":"https:\/\/agora.xtec.cat\/escola-solivent\/?p=4827"},"modified":"2025-11-01T18:55:31","modified_gmt":"2025-11-01T17:55:31","slug":"la-sortida-matematica-de-cicle-mitja","status":"publish","type":"post","link":"https:\/\/agora.xtec.cat\/escola-solivent\/general\/la-sortida-matematica-de-cicle-mitja\/","title":{"rendered":"LA SORTIDA MATEM\u00c0TICA DE CICLE MITJ\u00c0."},"content":{"rendered":"<p><span style=\"font-weight: 400;\">El passat dia 15 d\u2019octubre, els alumnes de Cicle Mitj\u00e0 vam sortir pels carrers del nostre entorn per fer una sortida matem\u00e0tica molt especial. L\u2019objectiu era descobrir les unitats i desenes de miler de manera divertida i pr\u00e0ctica.<\/span><\/p>\n<p><span style=\"font-weight: 400;\">Durant la sortida, hem observat les matr\u00edcules dels cotxes, els n\u00fameros de les fa\u00e7anes i molts altres detalls que amaguen les matem\u00e0tiques del nostre dia a dia. Tamb\u00e9 hem apr\u00e8s a identificar els nombres m\u00e9s grans i m\u00e9s petits, i hem descobert que podem trobar les unitats i les desenes de miler s\u00f3n a tot arreu si sabem mirar b\u00e9.<\/span><\/p>\n<p><span style=\"font-weight: 400;\">Ha estat una experi\u00e8ncia molt enriquidora: hem caminat, hem observat, hem treballat en equip i, sobretot, hem apr\u00e8s jugant i explorant.<\/span><\/p>\n<p><a href=\"https:\/\/agora.xtec.cat\/escola-solivent\/wp-content\/uploads\/usu1558\/2025\/11\/foto-1-a-mida-gran.jpeg\"><img loading=\"lazy\" decoding=\"async\" class=\"aligncenter size-medium wp-image-4828\" src=\"https:\/\/agora.xtec.cat\/escola-solivent\/wp-content\/uploads\/usu1558\/2025\/11\/foto-1-a-mida-gran-300x226.jpeg\" alt=\"\" width=\"300\" height=\"226\" srcset=\"https:\/\/agora.xtec.cat\/escola-solivent\/wp-content\/uploads\/usu1558\/2025\/11\/foto-1-a-mida-gran-300x226.jpeg 300w, https:\/\/agora.xtec.cat\/escola-solivent\/wp-content\/uploads\/usu1558\/2025\/11\/foto-1-a-mida-gran-1024x771.jpeg 1024w, https:\/\/agora.xtec.cat\/escola-solivent\/wp-content\/uploads\/usu1558\/2025\/11\/foto-1-a-mida-gran-768x578.jpeg 768w, https:\/\/agora.xtec.cat\/escola-solivent\/wp-content\/uploads\/usu1558\/2025\/11\/foto-1-a-mida-gran-200x150.jpeg 200w, https:\/\/agora.xtec.cat\/escola-solivent\/wp-content\/uploads\/usu1558\/2025\/11\/foto-1-a-mida-gran.jpeg 1280w\" sizes=\"auto, (max-width: 300px) 100vw, 300px\" \/><\/a> <a href=\"https:\/\/agora.xtec.cat\/escola-solivent\/wp-content\/uploads\/usu1558\/2025\/11\/foto-2-a-mida-gran.jpeg\"><img loading=\"lazy\" decoding=\"async\" class=\"aligncenter size-medium wp-image-4829\" src=\"https:\/\/agora.xtec.cat\/escola-solivent\/wp-content\/uploads\/usu1558\/2025\/11\/foto-2-a-mida-gran-225x300.jpeg\" alt=\"\" width=\"225\" height=\"300\" srcset=\"https:\/\/agora.xtec.cat\/escola-solivent\/wp-content\/uploads\/usu1558\/2025\/11\/foto-2-a-mida-gran-225x300.jpeg 225w, https:\/\/agora.xtec.cat\/escola-solivent\/wp-content\/uploads\/usu1558\/2025\/11\/foto-2-a-mida-gran-768x1024.jpeg 768w, https:\/\/agora.xtec.cat\/escola-solivent\/wp-content\/uploads\/usu1558\/2025\/11\/foto-2-a-mida-gran.jpeg 960w\" sizes=\"auto, (max-width: 225px) 100vw, 225px\" \/><\/a> <a href=\"https:\/\/agora.xtec.cat\/escola-solivent\/wp-content\/uploads\/usu1558\/2025\/11\/foto-3-a-mida-gran.jpeg\"><img loading=\"lazy\" decoding=\"async\" class=\"aligncenter size-medium wp-image-4830\" src=\"https:\/\/agora.xtec.cat\/escola-solivent\/wp-content\/uploads\/usu1558\/2025\/11\/foto-3-a-mida-gran-300x225.jpeg\" alt=\"\" width=\"300\" height=\"225\" srcset=\"https:\/\/agora.xtec.cat\/escola-solivent\/wp-content\/uploads\/usu1558\/2025\/11\/foto-3-a-mida-gran-300x225.jpeg 300w, https:\/\/agora.xtec.cat\/escola-solivent\/wp-content\/uploads\/usu1558\/2025\/11\/foto-3-a-mida-gran-1024x768.jpeg 1024w, https:\/\/agora.xtec.cat\/escola-solivent\/wp-content\/uploads\/usu1558\/2025\/11\/foto-3-a-mida-gran-768x576.jpeg 768w, https:\/\/agora.xtec.cat\/escola-solivent\/wp-content\/uploads\/usu1558\/2025\/11\/foto-3-a-mida-gran-200x150.jpeg 200w, https:\/\/agora.xtec.cat\/escola-solivent\/wp-content\/uploads\/usu1558\/2025\/11\/foto-3-a-mida-gran.jpeg 1280w\" sizes=\"auto, (max-width: 300px) 100vw, 300px\" \/><\/a> <a href=\"https:\/\/agora.xtec.cat\/escola-solivent\/wp-content\/uploads\/usu1558\/2025\/11\/foto-4-a-mida-gran.jpeg\"><img loading=\"lazy\" decoding=\"async\" class=\"aligncenter size-medium wp-image-4831\" src=\"https:\/\/agora.xtec.cat\/escola-solivent\/wp-content\/uploads\/usu1558\/2025\/11\/foto-4-a-mida-gran-300x225.jpeg\" alt=\"\" width=\"300\" height=\"225\" srcset=\"https:\/\/agora.xtec.cat\/escola-solivent\/wp-content\/uploads\/usu1558\/2025\/11\/foto-4-a-mida-gran-300x225.jpeg 300w, https:\/\/agora.xtec.cat\/escola-solivent\/wp-content\/uploads\/usu1558\/2025\/11\/foto-4-a-mida-gran-1024x768.jpeg 1024w, https:\/\/agora.xtec.cat\/escola-solivent\/wp-content\/uploads\/usu1558\/2025\/11\/foto-4-a-mida-gran-768x576.jpeg 768w, https:\/\/agora.xtec.cat\/escola-solivent\/wp-content\/uploads\/usu1558\/2025\/11\/foto-4-a-mida-gran-200x150.jpeg 200w, https:\/\/agora.xtec.cat\/escola-solivent\/wp-content\/uploads\/usu1558\/2025\/11\/foto-4-a-mida-gran.jpeg 1280w\" sizes=\"auto, (max-width: 300px) 100vw, 300px\" \/><\/a><\/p>\n","protected":false},"excerpt":{"rendered":"<p>El passat dia 15 d\u2019octubre, els alumnes de Cicle Mitj\u00e0 vam sortir pels carrers del nostre entorn per fer una sortida matem\u00e0tica molt especial. L\u2019objectiu era descobrir les unitats i desenes de miler de manera divertida i pr\u00e0ctica.<br \/>\nDurant la sortida, hem observat les matr\u00edcules dels&hellip;  <a href=\"https:\/\/agora.xtec.cat\/escola-solivent\/general\/la-sortida-matematica-de-cicle-mitja\/\" title=\"Read LA SORTIDA MATEM\u00c0TICA DE CICLE MITJ\u00c0.\">Llegeix m\u00e9s\u00bb<\/a><\/p>\n","protected":false},"author":1,"featured_media":4829,"comment_status":"open","ping_status":"open","sticky":false,"template":"","format":"standard","meta":{"_bbp_topic_count":0,"_bbp_reply_count":0,"_bbp_total_topic_count":0,"_bbp_total_reply_count":0,"_bbp_voice_count":0,"_bbp_anonymous_reply_count":0,"_bbp_topic_count_hidden":0,"_bbp_reply_count_hidden":0,"_bbp_forum_subforum_count":0,"footnotes":""},"categories":[12,13,1,4,5],"tags":[322,87,74,153],"class_list":["post-4827","post","type-post","status-publish","format-standard","has-post-thumbnail","hentry","category-3r","category-4t","category-general","category-portada","category-primaria","tag-el-miler","tag-entorn","tag-matematiques","tag-sortida"],"post_mailing_queue_ids":[],"_links":{"self":[{"href":"https:\/\/agora.xtec.cat\/escola-solivent\/wp-json\/wp\/v2\/posts\/4827","targetHints":{"allow":["GET"]}}],"collection":[{"href":"https:\/\/agora.xtec.cat\/escola-solivent\/wp-json\/wp\/v2\/posts"}],"about":[{"href":"https:\/\/agora.xtec.cat\/escola-solivent\/wp-json\/wp\/v2\/types\/post"}],"author":[{"embeddable":true,"href":"https:\/\/agora.xtec.cat\/escola-solivent\/wp-json\/wp\/v2\/users\/1"}],"replies":[{"embeddable":true,"href":"https:\/\/agora.xtec.cat\/escola-solivent\/wp-json\/wp\/v2\/comments?post=4827"}],"version-history":[{"count":2,"href":"https:\/\/agora.xtec.cat\/escola-solivent\/wp-json\/wp\/v2\/posts\/4827\/revisions"}],"predecessor-version":[{"id":4833,"href":"https:\/\/agora.xtec.cat\/escola-solivent\/wp-json\/wp\/v2\/posts\/4827\/revisions\/4833"}],"wp:featuredmedia":[{"embeddable":true,"href":"https:\/\/agora.xtec.cat\/escola-solivent\/wp-json\/wp\/v2\/media\/4829"}],"wp:attachment":[{"href":"https:\/\/agora.xtec.cat\/escola-solivent\/wp-json\/wp\/v2\/media?parent=4827"}],"wp:term":[{"taxonomy":"category","embeddable":true,"href":"https:\/\/agora.xtec.cat\/escola-solivent\/wp-json\/wp\/v2\/categories?post=4827"},{"taxonomy":"post_tag","embeddable":true,"href":"https:\/\/agora.xtec.cat\/escola-solivent\/wp-json\/wp\/v2\/tags?post=4827"}],"curies":[{"name":"wp","href":"https:\/\/api.w.org\/{rel}","templated":true}]}}